{"id":29026,"date":"2026-04-26T04:56:07","date_gmt":"2026-04-26T04:56:07","guid":{"rendered":"https:\/\/eskigazeteci.com\/?p=29026"},"modified":"2026-04-26T04:56:07","modified_gmt":"2026-04-26T04:56:07","slug":"sigaradan-olum-pandemiyi-gecti","status":"publish","type":"post","link":"https:\/\/eskigazeteci.com\/?p=29026","title":{"rendered":"Sigaradan \u00f6l\u00fcm pandemiyi ge\u00e7ti"},"content":{"rendered":"<p>\u201cT\u00fcrkiye\u2019de t\u00fct\u00fcn ve nikotin \u00fcr\u00fcnleri kullan\u0131ld\u0131\u011f\u0131 i\u00e7in y\u0131lda 120 bin ki\u015fi hayat\u0131n\u0131 kaybediyor. Biz COVID-19 d\u00f6neminde \u00fc\u00e7 y\u0131lda 150 bin ki\u015fiyi kaybettik ama y\u0131lda sigarayla ili\u015fkili hastal\u0131klardan ya da nikotin nedeniyle olu\u015fan hastal\u0131klardan 120 bin ki\u015finin \u00f6l\u00fcm\u00fcne tan\u0131k oluyoruz. Bu hi\u00e7 kabul edilebilir bir \u015fey de\u011fil\u201d diyen Prof. Dr. K\u0131l\u0131n\u00e7 \u015funlar\u0131 s\u00f6yledi:<\/p>\n<p>BA\u015eLAMA YA\u015eI 12\u2019YE D\u00dc\u015eT\u00dc<\/p>\n<p>\u201c Sigara ve t\u00fct\u00fcn mamullerinin meydana gelen hastal\u0131klar nedeniyle T\u00fcrkiye ekonomisine getirdi\u011fi sa\u011fl\u0131k maliyeti yani her y\u0131l verdi\u011fi zarar 752 milyar lira. Bu sorun pandemiden de daha b\u00fcy\u00fck bir sorun. As\u0131l bu konuda topyek\u00fbn bir sava\u015fa ihtiyac\u0131m\u0131z var. Aksi durumda torunlar\u0131m\u0131z\u0131n bile bu durum nedeniyle riske girmesi ve erken ya\u015famlar\u0131n\u0131 kaybetmeleri s\u00f6z konusu. Her y\u0131l T\u00fcrkiye\u2019de 40 bin ki\u015fi akci\u011fer kanseri tan\u0131s\u0131 al\u0131yor. Akci\u011fer kanserinden y\u0131lda 25 bin vatanda\u015f\u0131m\u0131z hayat\u0131n\u0131 kaybediyor. Her 4.5 dakikada bir vatanda\u015f\u0131m\u0131z akci\u011fer kanserinden hayat\u0131n\u0131 kaybediyor. Sigaraya ba\u015flama ya\u015f\u0131 12\u2019ye d\u00fc\u015ft\u00fc.\u201d<\/p>\n<p>CANLI YAYINLA AKC\u0130\u011eER SA\u011eLI\u011eI<\/p>\n<p>\u00d6te yandan T\u00fcrk Toraks Derne\u011fi taraf\u0131ndan d\u00fczenlenen 3. Halk \u0130\u00e7in Akci\u011fer Sa\u011fl\u0131\u011f\u0131 Kongresi, 1\u20132 May\u0131s\u2019ta Ankara\u2019da yap\u0131lacak ve sosyal medya kanallar\u0131 \u00fczerinden canl\u0131&#8230;<\/p>\n","protected":false},"excerpt":{"rendered":"<p>T\u00fcrk Toraks Derne\u011fi Genel Ba\u015fkan Yard\u0131mc\u0131s\u0131 G\u00f6\u011f\u00fcs Hastal\u0131klar\u0131 Uzman\u0131 Prof. Dr. O\u011fuz K\u0131l\u0131n\u00e7 sigaraya ba\u015flama ya\u015f\u0131n\u0131n T\u00fcrkiye\u2019de 12\u2019ye d\u00fc\u015ft\u00fc\u011f\u00fcn\u00fc a\u00e7\u0131klad\u0131.<\/p>\n","protected":false},"author":2,"featured_media":29025,"comment_status":"open","ping_status":"open","sticky":false,"template":"","format":"standard","meta":{"footnotes":""},"categories":[8,6,5],"tags":[],"class_list":["post-29026","post","type-post","status-publish","format-standard","has-post-thumbnail","hentry","category-arsiv","category-gundem","category-son-dakika"],"_links":{"self":[{"href":"https:\/\/eskigazeteci.com\/index.php?rest_route=\/wp\/v2\/posts\/29026","targetHints":{"allow":["GET"]}}],"collection":[{"href":"https:\/\/eskigazeteci.com\/index.php?rest_route=\/wp\/v2\/posts"}],"about":[{"href":"https:\/\/eskigazeteci.com\/index.php?rest_route=\/wp\/v2\/types\/post"}],"author":[{"embeddable":true,"href":"https:\/\/eskigazeteci.com\/index.php?rest_route=\/wp\/v2\/users\/2"}],"replies":[{"embeddable":true,"href":"https:\/\/eskigazeteci.com\/index.php?rest_route=%2Fwp%2Fv2%2Fcomments&post=29026"}],"version-history":[{"count":0,"href":"https:\/\/eskigazeteci.com\/index.php?rest_route=\/wp\/v2\/posts\/29026\/revisions"}],"wp:featuredmedia":[{"embeddable":true,"href":"https:\/\/eskigazeteci.com\/index.php?rest_route=\/wp\/v2\/media\/29025"}],"wp:attachment":[{"href":"https:\/\/eskigazeteci.com\/index.php?rest_route=%2Fwp%2Fv2%2Fmedia&parent=29026"}],"wp:term":[{"taxonomy":"category","embeddable":true,"href":"https:\/\/eskigazeteci.com\/index.php?rest_route=%2Fwp%2Fv2%2Fcategories&post=29026"},{"taxonomy":"post_tag","embeddable":true,"href":"https:\/\/eskigazeteci.com\/index.php?rest_route=%2Fwp%2Fv2%2Ftags&post=29026"}],"curies":[{"name":"wp","href":"https:\/\/api.w.org\/{rel}","templated":true}]}}