{"id":29018,"date":"2026-04-26T04:50:48","date_gmt":"2026-04-26T04:50:48","guid":{"rendered":"https:\/\/eskigazeteci.com\/?p=29018"},"modified":"2026-04-26T04:50:48","modified_gmt":"2026-04-26T04:50:48","slug":"avrupa-natosuna-londra-ve-paris-liderlik-etmeli","status":"publish","type":"post","link":"https:\/\/eskigazeteci.com\/?p=29018","title":{"rendered":"Avrupa NATO\u2019suna Londra ve Paris liderlik etmeli"},"content":{"rendered":"<p>The Telegraph\u2019a konu\u015fan Rasmussen, Avrupa savunmas\u0131n\u0131n sorumlulu\u011funu ABD\u2019nin kat\u0131l\u0131m\u0131 olmadan G\u00f6n\u00fcll\u00fcler Koalisyonu\u2019nun \u00fcstlenmesi gerekti\u011fini belirtti. \u201c\u0130lerleyen s\u00fcre\u00e7te, Avrupa\u2019n\u0131n kendi kaderini belirlemesi i\u00e7in bir\u00e7ok yap\u0131 tart\u0131\u015f\u0131labilir\u201d diye konu\u015fan Rasmussen, \u0130ngiltere ve Fransa\u2019ya ise liderlik \u00e7a\u011fr\u0131s\u0131nda bulundu. Mart 2025\u2019te Fransa ve \u0130ngiltere liderli\u011finde olu\u015fturulan G\u00f6n\u00fcll\u00fcler Koalisyonu, hem Rusya-Ukrayna sava\u015f\u0131n\u0131n sona erdirilmesine ili\u015fkin \u00e7abalar kapsam\u0131nda temel mekanizmalardan biri olmu\u015ftu.<\/p>\n<p>\u2018ABD\u2019S\u0130ZL\u0130K ACI VER\u0130C\u0130\u2019<\/p>\n<p>Rasmussen, \u00f6nceki g\u00fcn Euronews\u2019e yapt\u0131\u011f\u0131 a\u00e7\u0131klamada da Avrupa\u2019n\u0131n ABD\u2019nin g\u00fcvenlik mimarisine ba\u011f\u0131ml\u0131l\u0131\u011f\u0131 azaltmak i\u00e7in h\u0131zla harekete ge\u00e7mesi gerekti\u011fini belirterek \u201cABD\u2019ye olan ba\u011f\u0131ml\u0131l\u0131\u011f\u0131m\u0131z\u0131 azaltmam\u0131z gerekti\u011fi sonucuna varmak ac\u0131 verici oldu. Ama bug\u00fcn durum bu\u201d ifadelerini kullanm\u0131\u015ft\u0131. Rasmussen, NATO Genel Sekreterli\u011fi g\u00f6revinden \u00f6nce 2001-2009 y\u0131llar\u0131 aras\u0131nda Danimarka Ba\u015fbakan\u0131 olarak g\u00f6rev yapm\u0131\u015ft\u0131.<\/p>\n<p>Yurtd\u0131\u015f\u0131nda ya\u015fanan en son olaylar, d\u00fcnya g\u00fcndemine oturan d\u0131\u015f haberler, son dakika d\u00fcnya haberleri, di\u011fer d\u00fcnya \u00fclkelerinden g\u00fcncel haberler i\u00e7in T\u00fcrkiye&#x27;nin haber sitesi hurriyet.com.tr; Hurriyet.com.tr haber i\u00e7erikleri kaynak g\u00f6sterilmeden&#8230;<\/p>\n","protected":false},"excerpt":{"rendered":"<p>ABD Ba\u015fkan\u0131 Donald Trump, NATO \u00fclkelerini \u2018bedel \u00f6detmekle\u2019 tehdit ederken, NATO\u2019nun eski Genel Sekreteri Anders Fogh Rasmussen NATO\u2019nun Avrupa aya\u011f\u0131n\u0131n&#8230;<\/p>\n","protected":false},"author":2,"featured_media":29017,"comment_status":"open","ping_status":"open","sticky":false,"template":"","format":"standard","meta":{"footnotes":""},"categories":[8,6,5],"tags":[],"class_list":["post-29018","post","type-post","status-publish","format-standard","has-post-thumbnail","hentry","category-arsiv","category-gundem","category-son-dakika"],"_links":{"self":[{"href":"https:\/\/eskigazeteci.com\/index.php?rest_route=\/wp\/v2\/posts\/29018","targetHints":{"allow":["GET"]}}],"collection":[{"href":"https:\/\/eskigazeteci.com\/index.php?rest_route=\/wp\/v2\/posts"}],"about":[{"href":"https:\/\/eskigazeteci.com\/index.php?rest_route=\/wp\/v2\/types\/post"}],"author":[{"embeddable":true,"href":"https:\/\/eskigazeteci.com\/index.php?rest_route=\/wp\/v2\/users\/2"}],"replies":[{"embeddable":true,"href":"https:\/\/eskigazeteci.com\/index.php?rest_route=%2Fwp%2Fv2%2Fcomments&post=29018"}],"version-history":[{"count":0,"href":"https:\/\/eskigazeteci.com\/index.php?rest_route=\/wp\/v2\/posts\/29018\/revisions"}],"wp:featuredmedia":[{"embeddable":true,"href":"https:\/\/eskigazeteci.com\/index.php?rest_route=\/wp\/v2\/media\/29017"}],"wp:attachment":[{"href":"https:\/\/eskigazeteci.com\/index.php?rest_route=%2Fwp%2Fv2%2Fmedia&parent=29018"}],"wp:term":[{"taxonomy":"category","embeddable":true,"href":"https:\/\/eskigazeteci.com\/index.php?rest_route=%2Fwp%2Fv2%2Fcategories&post=29018"},{"taxonomy":"post_tag","embeddable":true,"href":"https:\/\/eskigazeteci.com\/index.php?rest_route=%2Fwp%2Fv2%2Ftags&post=29018"}],"curies":[{"name":"wp","href":"https:\/\/api.w.org\/{rel}","templated":true}]}}