{"id":29016,"date":"2026-04-26T04:49:16","date_gmt":"2026-04-26T04:49:16","guid":{"rendered":"https:\/\/eskigazeteci.com\/?p=29016"},"modified":"2026-04-26T04:49:16","modified_gmt":"2026-04-26T04:49:16","slug":"kralice-mathilde-450-kisilik-heyetle-geliyor-belcikadan-turkiyeye-dev-cikarma","status":"publish","type":"post","link":"https:\/\/eskigazeteci.com\/?p=29016","title":{"rendered":"Krali\u00e7e Mathilde 450 ki\u015filik heyetle geliyor&#8230; Bel\u00e7ika\u2019dan T\u00fcrkiye\u2019ye dev \u00e7\u0131karma"},"content":{"rendered":"<p>B EL\u00c7\u0130KA i\u015f d\u00fcnyas\u0131, Krali\u00e7e Mathilde liderli\u011finde 10-14 May\u0131s\u2019ta \u0130stanbul ve Ankara\u2019ya iki \u00fclke ekonomik ve ticari ili\u015fkilerini geli\u015ftirmek \u00fczere \u00e7\u0131karma yapmaya haz\u0131rlan\u0131yor. T\u00fcrkiye\u2019ye 14 y\u0131l sonra kraliyet d\u00fczeyinde d\u00fczenlenecek ilk \u201cBel\u00e7ika Ekonomik Misyonu\u201d ziyaretinde 250 i\u015f insan\u0131n\u0131n yan\u0131 s\u0131ra akademisyen ve bakanl\u0131k temsilcileriyle yakla\u015f\u0131k 450 ki\u015finin yer almas\u0131 bekleniyor. Bel\u00e7ikal\u0131 diplomatlara g\u00f6re Krali\u00e7e liderli\u011finde bu ziyaret T\u00fcrk ekonomisinin temel g\u00f6stergelerine duyulan g\u00fcvenin de bir i\u015fareti. Son ziyaret 2012 Ekim ay\u0131nda o d\u00f6nem Veliaht Prens olan \u015fimdiki Kral Philippe ba\u015fkanl\u0131\u011f\u0131nda ger\u00e7ekle\u015ftirilmi\u015fti.<\/p>\n<p>\u2018POTANS\u0130YEL G\u00d6R\u00dcYORUZ\u2019<\/p>\n<p>Bel\u00e7ika\u2019n\u0131n Ankara B\u00fcy\u00fckel\u00e7isi Hendrik Van de Velde ve \u0130stanbul Ba\u015fkonsolosu Tim Van Anderlecht, b\u00fcy\u00fck \u00f6nem verildi\u011fi anla\u015f\u0131lan ziyaretle ilgili \u00f6nceki g\u00fcn \u0130stanbul Ba\u015fkonsoloslu\u011fu\u2019nda bir bilgilendirme toplant\u0131s\u0131 yapt\u0131. Ankara\u2019da son derece verimli haz\u0131rl\u0131k g\u00f6r\u00fc\u015fmeleri yapt\u0131klar\u0131n\u0131, \u0130stanbul\u2019un yan\u0131 s\u0131ra \u0130zmir, Mersin, Antalya, Bodrum\u2019da temaslarda bulunduklar\u0131n\u0131 s\u00f6yleyen Van de Velde, \u201cBiz, ekonomilerimiz aras\u0131nda \u00f6nemli bir i\u015fbirli\u011fi ve potansiyel g\u00f6r\u00fcyoruz\u201d dedi.<\/p>\n<p>Orban&#x27;dan fla\u015f karar! Parlamentoda yer almayaca\u011f\u0131n\u0131 a\u00e7\u0131klad\u0131&#8230;<\/p>\n","protected":false},"excerpt":{"rendered":"<p>Bel\u00e7ika, 14 y\u0131l aradan sonra Krali\u00e7e Mathilde liderli\u011findeki 450 ki\u015filik dev heyetle T\u00fcrkiye\u2019ye geliyor. Bel\u00e7ikal\u0131 yetkililer T\u00fcrk ekonomisinin temel&#8230;<\/p>\n","protected":false},"author":2,"featured_media":29015,"comment_status":"open","ping_status":"open","sticky":false,"template":"","format":"standard","meta":{"footnotes":""},"categories":[8,6,5],"tags":[],"class_list":["post-29016","post","type-post","status-publish","format-standard","has-post-thumbnail","hentry","category-arsiv","category-gundem","category-son-dakika"],"_links":{"self":[{"href":"https:\/\/eskigazeteci.com\/index.php?rest_route=\/wp\/v2\/posts\/29016","targetHints":{"allow":["GET"]}}],"collection":[{"href":"https:\/\/eskigazeteci.com\/index.php?rest_route=\/wp\/v2\/posts"}],"about":[{"href":"https:\/\/eskigazeteci.com\/index.php?rest_route=\/wp\/v2\/types\/post"}],"author":[{"embeddable":true,"href":"https:\/\/eskigazeteci.com\/index.php?rest_route=\/wp\/v2\/users\/2"}],"replies":[{"embeddable":true,"href":"https:\/\/eskigazeteci.com\/index.php?rest_route=%2Fwp%2Fv2%2Fcomments&post=29016"}],"version-history":[{"count":0,"href":"https:\/\/eskigazeteci.com\/index.php?rest_route=\/wp\/v2\/posts\/29016\/revisions"}],"wp:featuredmedia":[{"embeddable":true,"href":"https:\/\/eskigazeteci.com\/index.php?rest_route=\/wp\/v2\/media\/29015"}],"wp:attachment":[{"href":"https:\/\/eskigazeteci.com\/index.php?rest_route=%2Fwp%2Fv2%2Fmedia&parent=29016"}],"wp:term":[{"taxonomy":"category","embeddable":true,"href":"https:\/\/eskigazeteci.com\/index.php?rest_route=%2Fwp%2Fv2%2Fcategories&post=29016"},{"taxonomy":"post_tag","embeddable":true,"href":"https:\/\/eskigazeteci.com\/index.php?rest_route=%2Fwp%2Fv2%2Ftags&post=29016"}],"curies":[{"name":"wp","href":"https:\/\/api.w.org\/{rel}","templated":true}]}}