{"id":29014,"date":"2026-04-26T04:47:44","date_gmt":"2026-04-26T04:47:44","guid":{"rendered":"https:\/\/eskigazeteci.com\/?p=29014"},"modified":"2026-04-26T04:47:44","modified_gmt":"2026-04-26T04:47:44","slug":"iran-muzakereleri-cikmaza-girdi-trump-ziyareti-iptal-etti","status":"publish","type":"post","link":"https:\/\/eskigazeteci.com\/?p=29014","title":{"rendered":"\u0130ran m\u00fczakereleri \u00e7\u0131kmaza girdi&#8230; Trump ziyareti iptal etti"},"content":{"rendered":"<p>A BD ile \u0130ran aras\u0131nda Pakistan\u2019\u0131n arabuluculu\u011funda yap\u0131lan ancak sonu\u00e7suz kalan m\u00fczakerelerin 2\u2019nci turu Washington cephesinden gelen a\u00e7\u0131klamalarla t\u0131kanm\u0131\u015f durumda. Ask\u0131da kalan g\u00f6r\u00fc\u015fmeler belirsizli\u011fe s\u00fcr\u00fcklenirken \u00f6nceki g\u00fcn s\u00fcrpriz bir ziyaretle \u0130ran D\u0131\u015fi\u015fleri Bakan\u0131 Abbas Arak\u00e7i Pakistan\u2019\u0131n ba\u015fkenti \u0130slamabad\u2019\u0131 ziyaret etti. M\u00fczakere s\u00fcrecine dair ziyarette bulunan Arak\u00e7i, Pakistan\u2019a vard\u0131ktan sonra ABD Ba\u015fkan\u0131 Donald Trump\u2019tan da bar\u0131\u015f hamlesi geldi. M\u00fczakerelerin ilk turunda da yer alan ABD \u00d6zel Temsilcisi Steve Witkoff ve Trump\u2019\u0131n damad\u0131 Jared Kushner\u2019\u0131n \u0130ran\u2019la g\u00f6r\u00fc\u015fmeler i\u00e7in hafta sonu \u0130slamabad\u2019a gideceklerini duyuran Trump son anda \u00e7ark etti. ABD bas\u0131n\u0131na konu\u015fan Trump ziyareti iptal etti\u011fini a\u00e7\u0131klad\u0131.<\/p>\n<p>TRUMP: T\u00dcM KOZLAR B\u0130ZDE<\/p>\n<p>Fox News\u2019e yapt\u0131\u011f\u0131 telefon g\u00f6r\u00fc\u015fmesinde Trump, ziyaretin vakit kayb\u0131 oldu\u011funu belirtti. Truth Social hesab\u0131ndan, \u201cZiyareti iptal ettim \u00e7\u00fcnk\u00fc t\u00fcm kozlar bizde. Durum b\u00f6yleyken ekibimin 18 saatlik u\u00e7u\u015f yapmas\u0131 gereksiz. Seyahat i\u00e7in bu kadar vakit kaybetmeye gerek yok. Tahran y\u00f6netimi bizi istedi\u011fi zaman arayabilir ama art\u0131k bir \u015feyleri konu\u015fmak i\u00e7in vaktimizi harcamayaca\u011f\u0131z\u201d dedi. Trump\u2019\u0131n \u0130slamabad\u2019da bulunan New York Post muhabirine ABD\u2019ye&#8230;<\/p>\n","protected":false},"excerpt":{"rendered":"<p>ABD ve \u0130ran aras\u0131nda Pakistan arabuluculu\u011funda y\u00fcr\u00fct\u00fclen m\u00fczakereler ABD Ba\u015fkan\u0131 Trump\u2019\u0131n direktifleriyle muammaya d\u00f6n\u00fc\u015ft\u00fc. \u00d6nceki g\u00fcn Washington\u2019dan bir&#8230;<\/p>\n","protected":false},"author":2,"featured_media":29013,"comment_status":"open","ping_status":"open","sticky":false,"template":"","format":"standard","meta":{"footnotes":""},"categories":[8,6,5],"tags":[],"class_list":["post-29014","post","type-post","status-publish","format-standard","has-post-thumbnail","hentry","category-arsiv","category-gundem","category-son-dakika"],"_links":{"self":[{"href":"https:\/\/eskigazeteci.com\/index.php?rest_route=\/wp\/v2\/posts\/29014","targetHints":{"allow":["GET"]}}],"collection":[{"href":"https:\/\/eskigazeteci.com\/index.php?rest_route=\/wp\/v2\/posts"}],"about":[{"href":"https:\/\/eskigazeteci.com\/index.php?rest_route=\/wp\/v2\/types\/post"}],"author":[{"embeddable":true,"href":"https:\/\/eskigazeteci.com\/index.php?rest_route=\/wp\/v2\/users\/2"}],"replies":[{"embeddable":true,"href":"https:\/\/eskigazeteci.com\/index.php?rest_route=%2Fwp%2Fv2%2Fcomments&post=29014"}],"version-history":[{"count":0,"href":"https:\/\/eskigazeteci.com\/index.php?rest_route=\/wp\/v2\/posts\/29014\/revisions"}],"wp:featuredmedia":[{"embeddable":true,"href":"https:\/\/eskigazeteci.com\/index.php?rest_route=\/wp\/v2\/media\/29013"}],"wp:attachment":[{"href":"https:\/\/eskigazeteci.com\/index.php?rest_route=%2Fwp%2Fv2%2Fmedia&parent=29014"}],"wp:term":[{"taxonomy":"category","embeddable":true,"href":"https:\/\/eskigazeteci.com\/index.php?rest_route=%2Fwp%2Fv2%2Fcategories&post=29014"},{"taxonomy":"post_tag","embeddable":true,"href":"https:\/\/eskigazeteci.com\/index.php?rest_route=%2Fwp%2Fv2%2Ftags&post=29014"}],"curies":[{"name":"wp","href":"https:\/\/api.w.org\/{rel}","templated":true}]}}