{"id":29008,"date":"2026-04-26T04:43:31","date_gmt":"2026-04-26T04:43:31","guid":{"rendered":"https:\/\/eskigazeteci.com\/?p=29008"},"modified":"2026-04-26T04:43:31","modified_gmt":"2026-04-26T04:43:31","slug":"bakan-ersoy-yarislarin-nitelikli-turist-ve-yuksek-gelir-getirecegini-soyledi-f1-turizmi-ucuracak","status":"publish","type":"post","link":"https:\/\/eskigazeteci.com\/?p=29008","title":{"rendered":"Bakan Ersoy yar\u0131\u015flar\u0131n nitelikli turist ve y\u00fcksek gelir getirece\u011fini s\u00f6yledi&#8230; F1 turizmi u\u00e7uracak"},"content":{"rendered":"<p>K \u00dcLT\u00dcR ve Turizm Bakan\u0131 Mehmet Nuri Ersoy, 2027 y\u0131l\u0131ndan itibaren yeniden Formula 1 takvimine dahil olacak T\u00fcrkiye aya\u011f\u0131n\u0131n turizmde y\u00fcksek katma de\u011fer yarataca\u011f\u0131n\u0131 s\u00f6yledi. En az 5 y\u0131ll\u0131k anla\u015fmayla yar\u0131\u015flar\u0131n \u0130stanbul\u2019da d\u00fczenlenece\u011fini hat\u0131rlatan Ersoy, F1\u2019in \u00f6zellikle y\u00fcksek harcama yapan nitelikli turist segmentini \u00e7ekti\u011fini vurgulad\u0131.<\/p>\n<p>Organizasyon takvimine yeniden T\u00fcrkiye\u2019nin dahil olmas\u0131 kapsam\u0131nda d\u00fcn Tuzla\u2019daki \u0130stanbul Park\u2019ta bir bas\u0131n toplant\u0131s\u0131 d\u00fczenlendi. T\u00fcrkiye Otomobil Sporlar\u0131 Federasyonu (TOSFED) ev sahipli\u011finde d\u00fczenlenen etkinlikte K\u00fclt\u00fcr ve Turizm Bakan\u0131 Mehmet Nuri Ersoy, Gen\u00e7lik ve Spor Bakan\u0131 Osman A\u015fk\u0131n Bak ve TOSFED Ba\u015fkan\u0131 Eren \u00dc\u00e7lertopra\u011f\u0131 konu\u015fmalar yapt\u0131.<\/p>\n<p>Y\u00dcZDE 6\u2019LIK GENEL KATKI<\/p>\n<p>Ersoy, konu\u015fmas\u0131nda uluslararas\u0131 ara\u015ft\u0131rmalara at\u0131fta bulundu. Formula 1 organizasyonlar\u0131n\u0131n ev sahibi destinasyonlarda turizmi ortalama y\u00fczde 6 art\u0131rd\u0131\u011f\u0131na dikkat \u00e7eken Bakan Ersoy, \u201cDaha \u00f6nce o \u015fehri hi\u00e7 d\u00fc\u015f\u00fcnmemi\u015f turistler i\u00e7in F1 \u00f6nemli bir tercih sebebi oluyor\u201d dedi. 2025 sezonunda F1\u2019in 180\u2019den fazla \u00fclkede 827 milyonun \u00fczerinde televizyon izleyicisine ula\u015ft\u0131\u011f\u0131n\u0131, trib\u00fcnlerde ise 6.7 milyondan fazla seyirci a\u011f\u0131rlad\u0131\u011f\u0131n\u0131 aktaran Ersoy, organizasyonun dijital&#8230;<\/p>\n","protected":false},"excerpt":{"rendered":"<p>\u0130stanbul turizmde Formula 1\u2019le vites b\u00fcy\u00fctmeye haz\u0131rlan\u0131yor. 2027\u2019de ba\u015flayacak yar\u0131\u015flar\u0131n nitelikli turist ve y\u00fcksek gelir getirece\u011fini s\u00f6yleyen K\u00fclt\u00fcr ve&#8230;<\/p>\n","protected":false},"author":2,"featured_media":29007,"comment_status":"open","ping_status":"open","sticky":false,"template":"","format":"standard","meta":{"footnotes":""},"categories":[8,6,5],"tags":[],"class_list":["post-29008","post","type-post","status-publish","format-standard","has-post-thumbnail","hentry","category-arsiv","category-gundem","category-son-dakika"],"_links":{"self":[{"href":"https:\/\/eskigazeteci.com\/index.php?rest_route=\/wp\/v2\/posts\/29008","targetHints":{"allow":["GET"]}}],"collection":[{"href":"https:\/\/eskigazeteci.com\/index.php?rest_route=\/wp\/v2\/posts"}],"about":[{"href":"https:\/\/eskigazeteci.com\/index.php?rest_route=\/wp\/v2\/types\/post"}],"author":[{"embeddable":true,"href":"https:\/\/eskigazeteci.com\/index.php?rest_route=\/wp\/v2\/users\/2"}],"replies":[{"embeddable":true,"href":"https:\/\/eskigazeteci.com\/index.php?rest_route=%2Fwp%2Fv2%2Fcomments&post=29008"}],"version-history":[{"count":0,"href":"https:\/\/eskigazeteci.com\/index.php?rest_route=\/wp\/v2\/posts\/29008\/revisions"}],"wp:featuredmedia":[{"embeddable":true,"href":"https:\/\/eskigazeteci.com\/index.php?rest_route=\/wp\/v2\/media\/29007"}],"wp:attachment":[{"href":"https:\/\/eskigazeteci.com\/index.php?rest_route=%2Fwp%2Fv2%2Fmedia&parent=29008"}],"wp:term":[{"taxonomy":"category","embeddable":true,"href":"https:\/\/eskigazeteci.com\/index.php?rest_route=%2Fwp%2Fv2%2Fcategories&post=29008"},{"taxonomy":"post_tag","embeddable":true,"href":"https:\/\/eskigazeteci.com\/index.php?rest_route=%2Fwp%2Fv2%2Ftags&post=29008"}],"curies":[{"name":"wp","href":"https:\/\/api.w.org\/{rel}","templated":true}]}}