{"id":29002,"date":"2026-04-26T04:38:51","date_gmt":"2026-04-26T04:38:51","guid":{"rendered":"https:\/\/eskigazeteci.com\/?p=29002"},"modified":"2026-04-26T04:38:51","modified_gmt":"2026-04-26T04:38:51","slug":"sessizce-firtinanin-kopmasini-bekliyorlar","status":"publish","type":"post","link":"https:\/\/eskigazeteci.com\/?p=29002","title":{"rendered":"Sessizce f\u0131rt\u0131nan\u0131n kopmas\u0131n\u0131 bekliyorlar!"},"content":{"rendered":"<p>Galatasaray &#8211; Fenerbah\u00e7e ma\u00e7\u0131 \u00f6ncesi ortal\u0131\u011f\u0131n nas\u0131l sessiz oldu\u011funun fark\u0131nda m\u0131s\u0131n\u0131z? Fenerbah\u00e7eli umutsuz, kiminle konu\u015fsam ma\u00e7\u0131 \u00f6nemsemedi\u011fini s\u00f6yl\u00fcyor. Elbette bir y\u0131lg\u0131nl\u0131k hakim ama bence do\u011fruyu s\u00f6ylemiyorlar. Ceplerinde hep bir ihtimal var: Tedesco derbi kaybetmedi!<\/p>\n<p>Galatasarayl\u0131 sanki bilerek sesini \u00e7\u0131karm\u0131yor. Okan Buruk \u00fczerine kurgulad\u0131\u011f\u0131 ele\u015ftirileri s\u0131ralarken \u00f6te yandan bu ak\u015fam \u015fampiyonluk i\u015fini bitirmenin hesab\u0131 yap\u0131lm\u0131yor olamaz.<\/p>\n<p>Me\u015fhur Amerikan g\u00fcre\u015fi Smackdown\u2019a ili\u015fkin bir r\u00f6portaj d\u00fc\u015ft\u00fc, CMPunk ile r\u00f6portaj yap\u0131yorlar. Kendi g\u00fcre\u015fiyle k\u0131yas etti\u011fi en \u00fcnl\u00fc rekabetleri sayarken 3. s\u0131raya Galatasaray-Fenerbah\u00e7e derbisini koyuyor ki, bilen bilir; Smackdown Amerikan k\u00fclt\u00fcr\u00fcnde \u00e7ok b\u00fcy\u00fck bir yere sahiptir. D\u0131\u015far\u0131daki adam b\u00f6yle bakarken burada b\u00f6yle bir ma\u00e7\u0131n heyecan yaratmamas\u0131 d\u00fc\u015f\u00fcn\u00fclemez!<\/p>\n<p>ANLARIN MA\u00c7I OLACAK<\/p>\n<p>Derbide reaksiyon veren \u00f6n plana \u00e7\u0131kacak \u00e7\u00fcnk\u00fc galibiyet veya ma\u011flubiyet durumlar\u0131na bakmaks\u0131z\u0131n iki tak\u0131m\u0131n da son haftalarda oynad\u0131\u011f\u0131 oyun be\u011fenilmedi. Bunu da ekleyerek s\u00f6yleyeyim, anlar\u0131n ma\u00e7\u0131 olur g\u00f6r\u00fcrs\u00fcn\u00fcz. Buna saha i\u00e7i \u00f6ng\u00f6r\u00fcm\u00fc ekleyeyim.<\/p>\n<p>Galatasaray\u2019da \u015eampiyonlar Ligi\u2019nde Osimhen ile Sara\u2019n\u0131n \u00f6n alandaki prese liderlik etti\u011fini hat\u0131rl\u0131yoruz&#8230;.<\/p>\n","protected":false},"excerpt":{"rendered":"<p>Galatasaray-Fenerbah\u00e7e derbisi \u00f6ncesi ortal\u0131\u011f\u0131n nas\u0131l sessiz oldu\u011funun fark\u0131nda m\u0131s\u0131n\u0131z?<\/p>\n","protected":false},"author":2,"featured_media":29001,"comment_status":"open","ping_status":"open","sticky":false,"template":"","format":"standard","meta":{"footnotes":""},"categories":[8,5,7],"tags":[],"class_list":["post-29002","post","type-post","status-publish","format-standard","has-post-thumbnail","hentry","category-arsiv","category-son-dakika","category-spor"],"_links":{"self":[{"href":"https:\/\/eskigazeteci.com\/index.php?rest_route=\/wp\/v2\/posts\/29002","targetHints":{"allow":["GET"]}}],"collection":[{"href":"https:\/\/eskigazeteci.com\/index.php?rest_route=\/wp\/v2\/posts"}],"about":[{"href":"https:\/\/eskigazeteci.com\/index.php?rest_route=\/wp\/v2\/types\/post"}],"author":[{"embeddable":true,"href":"https:\/\/eskigazeteci.com\/index.php?rest_route=\/wp\/v2\/users\/2"}],"replies":[{"embeddable":true,"href":"https:\/\/eskigazeteci.com\/index.php?rest_route=%2Fwp%2Fv2%2Fcomments&post=29002"}],"version-history":[{"count":0,"href":"https:\/\/eskigazeteci.com\/index.php?rest_route=\/wp\/v2\/posts\/29002\/revisions"}],"wp:featuredmedia":[{"embeddable":true,"href":"https:\/\/eskigazeteci.com\/index.php?rest_route=\/wp\/v2\/media\/29001"}],"wp:attachment":[{"href":"https:\/\/eskigazeteci.com\/index.php?rest_route=%2Fwp%2Fv2%2Fmedia&parent=29002"}],"wp:term":[{"taxonomy":"category","embeddable":true,"href":"https:\/\/eskigazeteci.com\/index.php?rest_route=%2Fwp%2Fv2%2Fcategories&post=29002"},{"taxonomy":"post_tag","embeddable":true,"href":"https:\/\/eskigazeteci.com\/index.php?rest_route=%2Fwp%2Fv2%2Ftags&post=29002"}],"curies":[{"name":"wp","href":"https:\/\/api.w.org\/{rel}","templated":true}]}}