{"id":29000,"date":"2026-04-26T04:37:19","date_gmt":"2026-04-26T04:37:19","guid":{"rendered":"https:\/\/eskigazeteci.com\/?p=29000"},"modified":"2026-04-26T04:37:19","modified_gmt":"2026-04-26T04:37:19","slug":"andre-onanaya-buyuk-ceza-yolda","status":"publish","type":"post","link":"https:\/\/eskigazeteci.com\/?p=29000","title":{"rendered":"Andre Onana&#8217;ya b\u00fcy\u00fck ceza yolda!"},"content":{"rendered":"<p>Kamerun Milli Tak\u0131m\u0131\u2019nda kazand\u0131klar\u0131 primlerin kendilerini verilmedi\u011fini s\u00f6yleyen Trabzonspor kalecisi Andre Onana \u2019ya ceza yolda.<\/p>\n<p>\u0130ddialara g\u00f6re Kamerun Futbol Federasyonu ilk genel kurulda tecr\u00fcbeyi kaleciyi milli tak\u0131mdan birka\u00e7 y\u0131l s\u00fcreyle men edecek.<\/p>\n<p>T\u00fcrkiye&#x27;den ve D\u00fcnya\u2019dan son dakika haberleri, k\u00f6\u015fe yaz\u0131lar\u0131, magazinden siyasete, spordan seyahate b\u00fct\u00fcn konular\u0131n tek adresi Hurriyet.com.tr haber i\u00e7erikleri izin al\u0131nmadan, kaynak g\u00f6sterilerek dahi iktibas edilemez. Kanuna ayk\u0131r\u0131 ve izinsiz olarak kopyalanamaz, ba\u015fka yerde yay\u0131nlanamaz.<\/p>\n","protected":false},"excerpt":{"rendered":"<p>Milli tak\u0131mdaki primlerin kendilerine verilmedi\u011fini s\u00f6ylemi\u015fti.<\/p>\n","protected":false},"author":2,"featured_media":28999,"comment_status":"open","ping_status":"open","sticky":false,"template":"","format":"standard","meta":{"footnotes":""},"categories":[8,5,7],"tags":[],"class_list":["post-29000","post","type-post","status-publish","format-standard","has-post-thumbnail","hentry","category-arsiv","category-son-dakika","category-spor"],"_links":{"self":[{"href":"https:\/\/eskigazeteci.com\/index.php?rest_route=\/wp\/v2\/posts\/29000","targetHints":{"allow":["GET"]}}],"collection":[{"href":"https:\/\/eskigazeteci.com\/index.php?rest_route=\/wp\/v2\/posts"}],"about":[{"href":"https:\/\/eskigazeteci.com\/index.php?rest_route=\/wp\/v2\/types\/post"}],"author":[{"embeddable":true,"href":"https:\/\/eskigazeteci.com\/index.php?rest_route=\/wp\/v2\/users\/2"}],"replies":[{"embeddable":true,"href":"https:\/\/eskigazeteci.com\/index.php?rest_route=%2Fwp%2Fv2%2Fcomments&post=29000"}],"version-history":[{"count":0,"href":"https:\/\/eskigazeteci.com\/index.php?rest_route=\/wp\/v2\/posts\/29000\/revisions"}],"wp:featuredmedia":[{"embeddable":true,"href":"https:\/\/eskigazeteci.com\/index.php?rest_route=\/wp\/v2\/media\/28999"}],"wp:attachment":[{"href":"https:\/\/eskigazeteci.com\/index.php?rest_route=%2Fwp%2Fv2%2Fmedia&parent=29000"}],"wp:term":[{"taxonomy":"category","embeddable":true,"href":"https:\/\/eskigazeteci.com\/index.php?rest_route=%2Fwp%2Fv2%2Fcategories&post=29000"},{"taxonomy":"post_tag","embeddable":true,"href":"https:\/\/eskigazeteci.com\/index.php?rest_route=%2Fwp%2Fv2%2Ftags&post=29000"}],"curies":[{"name":"wp","href":"https:\/\/api.w.org\/{rel}","templated":true}]}}