{"id":28998,"date":"2026-04-26T04:35:48","date_gmt":"2026-04-26T04:35:48","guid":{"rendered":"https:\/\/eskigazeteci.com\/?p=28998"},"modified":"2026-04-26T04:35:48","modified_gmt":"2026-04-26T04:35:48","slug":"bir-sezona-bedel-90-dakika-galatasaray","status":"publish","type":"post","link":"https:\/\/eskigazeteci.com\/?p=28998","title":{"rendered":"Bir sezona bedel 90 dakika: Galatasaray"},"content":{"rendered":"<p>S\u00fcper Lig\u2019de b\u00fcy\u00fck g\u00fcn sonunda geldi&#8230; \u015eampiyonluk yar\u0131\u015f\u0131n\u0131n kaderini belirleyecek ma\u00e7ta lider Galatasaray , en yak\u0131n takip\u00e7isi Fenerbah\u00e7e \u2019yi a\u011f\u0131rlayacak. RAMS Park\u2019ta saat 20.00\u2019de ba\u015flayacak kar\u015f\u0131la\u015fmay\u0131, hakem Yasin Kol y\u00f6netecek.<\/p>\n<p>71 puanla zirvede yer alan ev sahibi sar\u0131 k\u0131rm\u0131z\u0131l\u0131lar, ezeli rakiplerini yendikleri takdirde fark\u0131 7\u2019ye \u00e7\u0131karacak ve ligin bitimine 3 hafta kala \u015fampiyonluk yolunda dev bir ad\u0131m atacak. Sar\u0131 lacivertliler kazan\u0131rsa fark 1\u2019e inecek ve yar\u0131\u015f yeniden ba\u015flayacak. Beraberlik halinde 4 puanl\u0131k fark korunaca\u011f\u0131 i\u00e7in Galatasaray yine b\u00fcy\u00fck bir avantaj\u0131 korumu\u015f olacak.<\/p>\n<p>G.Saray tam kadro, F.Bah\u00e7e\u2019de Edson yok<\/p>\n<p>T\u00fcm T\u00fcrkiye\u2019nin heyecanla bekledi\u011fi derbi \u00f6ncesi Galatasaray\u2019da eksik yok. Fenerbah\u00e7e\u2019de sakatl\u0131ktan yeni \u00e7\u0131kan Edson Alvarez oynamayacak. S\u0131n\u0131rdaki isimlerden sar\u0131 k\u0131rm\u0131z\u0131l\u0131larda Eren Elmal\u0131, sar\u0131 kart g\u00f6r\u00fcrse haftaya Samsun ma\u00e7\u0131nda, sar\u0131 lacivertlilerde ise Semedo, Nene, Brown, Kerem, Mert M\u00fcld\u00fcr, Musaba ve Guendouzi sar\u0131 kart g\u00f6rmeleri halinde gelecek hafta Ba\u015fak\u015fehir kar\u015f\u0131la\u015fmas\u0131nda forma giyemeyecek. Bug\u00fcnk\u00fc ma\u00e7, iki tak\u0131m\u0131n bu sezonki 3. randevusu olacak. Ligin 14. haftas\u0131nda Kad\u0131k\u00f6y\u2019de yap\u0131lan derbi, 1-1 e\u015fitlikle sona ererken, TFF S\u00fcper Kupa&#8230;<\/p>\n","protected":false},"excerpt":{"rendered":"<p>Galatasaray ile Fenerbah\u00e7e bu ak\u015fam saat 20.00&#8217;de kar\u015f\u0131la\u015facak. Seyrantepe&#8217;de oynanacak derbinin ma\u00e7 sonunda \u015fampiyonluk d\u00fc\u011f\u00fcm\u00fc ya \u00e7\u00f6z\u00fclecek ya da yar\u0131\u015f&#8230;<\/p>\n","protected":false},"author":2,"featured_media":28997,"comment_status":"open","ping_status":"open","sticky":false,"template":"","format":"standard","meta":{"footnotes":""},"categories":[8,5,7],"tags":[],"class_list":["post-28998","post","type-post","status-publish","format-standard","has-post-thumbnail","hentry","category-arsiv","category-son-dakika","category-spor"],"_links":{"self":[{"href":"https:\/\/eskigazeteci.com\/index.php?rest_route=\/wp\/v2\/posts\/28998","targetHints":{"allow":["GET"]}}],"collection":[{"href":"https:\/\/eskigazeteci.com\/index.php?rest_route=\/wp\/v2\/posts"}],"about":[{"href":"https:\/\/eskigazeteci.com\/index.php?rest_route=\/wp\/v2\/types\/post"}],"author":[{"embeddable":true,"href":"https:\/\/eskigazeteci.com\/index.php?rest_route=\/wp\/v2\/users\/2"}],"replies":[{"embeddable":true,"href":"https:\/\/eskigazeteci.com\/index.php?rest_route=%2Fwp%2Fv2%2Fcomments&post=28998"}],"version-history":[{"count":0,"href":"https:\/\/eskigazeteci.com\/index.php?rest_route=\/wp\/v2\/posts\/28998\/revisions"}],"wp:featuredmedia":[{"embeddable":true,"href":"https:\/\/eskigazeteci.com\/index.php?rest_route=\/wp\/v2\/media\/28997"}],"wp:attachment":[{"href":"https:\/\/eskigazeteci.com\/index.php?rest_route=%2Fwp%2Fv2%2Fmedia&parent=28998"}],"wp:term":[{"taxonomy":"category","embeddable":true,"href":"https:\/\/eskigazeteci.com\/index.php?rest_route=%2Fwp%2Fv2%2Fcategories&post=28998"},{"taxonomy":"post_tag","embeddable":true,"href":"https:\/\/eskigazeteci.com\/index.php?rest_route=%2Fwp%2Fv2%2Ftags&post=28998"}],"curies":[{"name":"wp","href":"https:\/\/api.w.org\/{rel}","templated":true}]}}