{"id":28996,"date":"2026-04-26T04:34:16","date_gmt":"2026-04-26T04:34:16","guid":{"rendered":"https:\/\/eskigazeteci.com\/?p=28996"},"modified":"2026-04-26T04:34:16","modified_gmt":"2026-04-26T04:34:16","slug":"zuhal-olcay-cok-guclu-gorunen-ama-kirilgan-biriyim","status":"publish","type":"post","link":"https:\/\/eskigazeteci.com\/?p=28996","title":{"rendered":"Zuhal Olcay: \u00c7ok g\u00fc\u00e7l\u00fc g\u00f6r\u00fcnen ama k\u0131r\u0131lgan biriyim"},"content":{"rendered":"<p>Bir s\u00fcre \u00f6nce tiyatro oyunu i\u00e7in rol arkada\u015flar\u0131yla birlikte toplu bir s\u00f6yle\u015fi yapm\u0131\u015ft\u0131k. \u015eimdiyse uzun y\u0131llar sonra ba\u015f ba\u015fa r\u00f6portaj i\u00e7in bulu\u015ftuk. Her zamanki gibi \u00e7ok zarif g\u00f6r\u00fcn\u00fcyor, \u00e7ok g\u00fczel ve etkileyici bir duru\u015fu var. S\u0131cakkanl\u0131 ve \u00e7ok do\u011fal. \u201cOnu sormay\u0131n\u201d, \u201cBunu cevaplamam\u201d gibi kurallar\u0131 yok. Ba\u015fl\u0131yoruz muhabbete&#8230;<\/p>\n<p>\u25ca Bir\u00e7ok ismin birka\u00e7 sene tutunabildi\u011fi oyunculuk ve m\u00fczik sekt\u00f6r\u00fcnde sizin zamans\u0131zl\u0131\u011f\u0131n\u0131z\u0131n s\u0131rr\u0131 ne?<\/p>\n<p>Bir kere eskilerden geliyor olmam\u0131z&#8230; Neredeyse 30-40 y\u0131ld\u0131r bu camian\u0131n i\u00e7indeyim. Onun getirdi\u011fi bir seyirci tan\u0131n\u0131rl\u0131\u011f\u0131, bilinirli\u011fi var. Ayr\u0131ca hi\u00e7 i\u015fime ara vermedim. Birka\u00e7 sene kafam\u0131 dinleyeyim, biraz gezeyim, dinleneyim demedim. S\u00fcreklili\u011fi hep sa\u011flad\u0131m. \u00c7\u00fcnk\u00fc bundan zevk al\u0131yorum, i\u015fimi \u00e7ok seviyorum, ya\u015fam\u0131 daha tatl\u0131, katlan\u0131l\u0131r hale getiriyor. San\u0131r\u0131m hepsi bir arada s\u00fcreklilik sa\u011flanm\u0131\u015f oluyor.<\/p>\n<p>\u25ca \u201cHi\u00e7 ara vermedim\u201d dediniz. G\u00fcn\u00fcm\u00fcz\u00fcn pop\u00fcler bir tabiri var; \u2018t\u00fckenmi\u015flik sendromu\u2019&#8230; Bunca zaman hi\u00e7 t\u00fckenmediniz mi?<\/p>\n<p>\u0130nsan yoruluyor; hayat\u0131n, \u00e7al\u0131\u015fma ve ya\u015fam ko\u015fullar\u0131n\u0131n bazen bunaltt\u0131\u011f\u0131 d\u00f6nemler oluyor. Ama ben b\u00fct\u00fcn bunlar\u0131n \u00fcstesinden ancak \u00e7al\u0131\u015farak gelebiliyorum. Benim ilac\u0131m, yak\u0131t\u0131m, antidepresan\u0131m \u00e7al\u0131\u015fmak gibi. Bo\u015f kald\u0131\u011f\u0131m&#8230;<\/p>\n","protected":false},"excerpt":{"rendered":"<p>Onlarca film, tiyatro oyunu, dizi ve harika \u015fark\u0131yla hepimizin g\u00f6nl\u00fcne taht kurdu. Durmadan \u00fcretti. \u201cHi\u00e7 i\u015fime ara vermedim. S\u00fcreklili\u011fi hep sa\u011flad\u0131m. Bundan&#8230;<\/p>\n","protected":false},"author":2,"featured_media":28995,"comment_status":"open","ping_status":"open","sticky":false,"template":"","format":"standard","meta":{"footnotes":""},"categories":[8,6,5],"tags":[],"class_list":["post-28996","post","type-post","status-publish","format-standard","has-post-thumbnail","hentry","category-arsiv","category-gundem","category-son-dakika"],"_links":{"self":[{"href":"https:\/\/eskigazeteci.com\/index.php?rest_route=\/wp\/v2\/posts\/28996","targetHints":{"allow":["GET"]}}],"collection":[{"href":"https:\/\/eskigazeteci.com\/index.php?rest_route=\/wp\/v2\/posts"}],"about":[{"href":"https:\/\/eskigazeteci.com\/index.php?rest_route=\/wp\/v2\/types\/post"}],"author":[{"embeddable":true,"href":"https:\/\/eskigazeteci.com\/index.php?rest_route=\/wp\/v2\/users\/2"}],"replies":[{"embeddable":true,"href":"https:\/\/eskigazeteci.com\/index.php?rest_route=%2Fwp%2Fv2%2Fcomments&post=28996"}],"version-history":[{"count":0,"href":"https:\/\/eskigazeteci.com\/index.php?rest_route=\/wp\/v2\/posts\/28996\/revisions"}],"wp:featuredmedia":[{"embeddable":true,"href":"https:\/\/eskigazeteci.com\/index.php?rest_route=\/wp\/v2\/media\/28995"}],"wp:attachment":[{"href":"https:\/\/eskigazeteci.com\/index.php?rest_route=%2Fwp%2Fv2%2Fmedia&parent=28996"}],"wp:term":[{"taxonomy":"category","embeddable":true,"href":"https:\/\/eskigazeteci.com\/index.php?rest_route=%2Fwp%2Fv2%2Fcategories&post=28996"},{"taxonomy":"post_tag","embeddable":true,"href":"https:\/\/eskigazeteci.com\/index.php?rest_route=%2Fwp%2Fv2%2Ftags&post=28996"}],"curies":[{"name":"wp","href":"https:\/\/api.w.org\/{rel}","templated":true}]}}