{"id":28994,"date":"2026-04-26T04:32:45","date_gmt":"2026-04-26T04:32:45","guid":{"rendered":"https:\/\/eskigazeteci.com\/?p=28994"},"modified":"2026-04-26T04:32:45","modified_gmt":"2026-04-26T04:32:45","slug":"tarihciler-baris-caglarinin-kitabini-yazmaz","status":"publish","type":"post","link":"https:\/\/eskigazeteci.com\/?p=28994","title":{"rendered":"\u2018Tarih\u00e7iler bar\u0131\u015f \u00e7a\u011flar\u0131n\u0131n kitab\u0131n\u0131 yazmaz\u2019"},"content":{"rendered":"<p>Psikolog ve yazar G\u00fcnd\u00fcz Vassaf yeni kitab\u0131 \u2018 G\u00fcnl\u00fck Ya\u015fam Felsefesi-\u015eimdiye \u00d6vg\u00fc \u2019de yine al\u0131\u015f\u0131lm\u0131\u015f d\u00fc\u015f\u00fcnme bi\u00e7imlerini sarsma niyetinde. Duru Uslu\u2019nun kendisiyle yapt\u0131\u011f\u0131 nehir s\u00f6yle\u015filerden olu\u015fan kitapta Vassaf i\u00e7in felsefe; ak\u015fam y\u00fcr\u00fcy\u00fc\u015flerine, dost sofralar\u0131na, \u015fehir kalabal\u0131\u011f\u0131na, g\u00fcndelik hayattaki en s\u0131radan anlara s\u0131zan bir d\u00fc\u015f\u00fcnme bi\u00e7imi. Vassaf\u2019la yapt\u0131\u011f\u0131m\u0131z s\u00f6yle\u015fide neden \u2018biz\u2019 olmay\u0131 unuttu\u011fumuzu, b\u00fcy\u00fck \u015fehirlerin insan ruhunda a\u00e7t\u0131\u011f\u0131 yaralar\u0131 ve belirsizlikle ya\u015famay\u0131 neden yeniden \u00f6\u011frenmemiz gerekti\u011fini konu\u015ftuk.<\/p>\n<p>\u25ca Bu kitab\u0131 yazmaya nas\u0131l karar verdiniz?<\/p>\n<p>Galiba sadece bu de\u011fil, hi\u00e7bir kitab\u0131m\u0131 yazmaya karar vermedim. Hep kendili\u011finden gelen tesad\u00fcfler&#8230; Fakat burada ilk defa \u00f6mr\u00fcmde \u201cBize bir kitap yazar m\u0131s\u0131n\u201d \u00e7a\u011fr\u0131s\u0131 geldi. Teklif bana cazip geldi. Birisiyle konu\u015fmak istedim ama gen\u00e7 birisiyle konu\u015fmak istedim. O arada Duru Uslu\u2019yla tesad\u00fcfen tan\u0131\u015fm\u0131\u015ft\u0131k. Onunla N\u00e2z\u0131m Hikmet kamplar\u0131ndada beraber olmu\u015ftuk. Bir dans\u0131 ba\u015flam\u0131\u015ft\u0131 zaten g\u00f6zlerimizde tan\u0131\u015f\u0131kl\u0131\u011f\u0131n. B\u00f6ylece ba\u015flad\u0131 s\u00f6yle\u015fi ve yer de\u011fi\u015ftirerek bir y\u0131l kadar s\u00fcrd\u00fc.<\/p>\n<p>\u2018Gen\u00e7ler yaln\u0131z\u2019<\/p>\n<p>\u25ca Hayat\u0131n h\u0131zl\u0131 ko\u015fu\u015fturmas\u0131nda insanlar s\u00fcrekli ge\u00e7mi\u015fle gelecek aras\u0131nda s\u0131k\u0131\u015f\u0131yor. Sizce \u015fimdiyi ka\u00e7\u0131rmam\u0131z\u0131n en temel&#8230;<\/p>\n","protected":false},"excerpt":{"rendered":"<p>T\u00fcrkiye\u2019nin \u00f6nde gelen yazarlar\u0131ndan G\u00fcnd\u00fcz Vassaf yeni nehir s\u00f6yle\u015fi kitab\u0131 \u2018G\u00fcnl\u00fck Ya\u015fam Felsefesi-\u015eimdiye \u00d6vg\u00fc\u2019de hayat\u0131 ge\u00e7mi\u015fin y\u00fck\u00fcyle ya da yar\u0131n\u0131n&#8230;<\/p>\n","protected":false},"author":2,"featured_media":28993,"comment_status":"open","ping_status":"open","sticky":false,"template":"","format":"standard","meta":{"footnotes":""},"categories":[8,6,5],"tags":[],"class_list":["post-28994","post","type-post","status-publish","format-standard","has-post-thumbnail","hentry","category-arsiv","category-gundem","category-son-dakika"],"_links":{"self":[{"href":"https:\/\/eskigazeteci.com\/index.php?rest_route=\/wp\/v2\/posts\/28994","targetHints":{"allow":["GET"]}}],"collection":[{"href":"https:\/\/eskigazeteci.com\/index.php?rest_route=\/wp\/v2\/posts"}],"about":[{"href":"https:\/\/eskigazeteci.com\/index.php?rest_route=\/wp\/v2\/types\/post"}],"author":[{"embeddable":true,"href":"https:\/\/eskigazeteci.com\/index.php?rest_route=\/wp\/v2\/users\/2"}],"replies":[{"embeddable":true,"href":"https:\/\/eskigazeteci.com\/index.php?rest_route=%2Fwp%2Fv2%2Fcomments&post=28994"}],"version-history":[{"count":0,"href":"https:\/\/eskigazeteci.com\/index.php?rest_route=\/wp\/v2\/posts\/28994\/revisions"}],"wp:featuredmedia":[{"embeddable":true,"href":"https:\/\/eskigazeteci.com\/index.php?rest_route=\/wp\/v2\/media\/28993"}],"wp:attachment":[{"href":"https:\/\/eskigazeteci.com\/index.php?rest_route=%2Fwp%2Fv2%2Fmedia&parent=28994"}],"wp:term":[{"taxonomy":"category","embeddable":true,"href":"https:\/\/eskigazeteci.com\/index.php?rest_route=%2Fwp%2Fv2%2Fcategories&post=28994"},{"taxonomy":"post_tag","embeddable":true,"href":"https:\/\/eskigazeteci.com\/index.php?rest_route=%2Fwp%2Fv2%2Ftags&post=28994"}],"curies":[{"name":"wp","href":"https:\/\/api.w.org\/{rel}","templated":true}]}}