{"id":28992,"date":"2026-04-26T04:31:13","date_gmt":"2026-04-26T04:31:13","guid":{"rendered":"https:\/\/eskigazeteci.com\/?p=28992"},"modified":"2026-04-26T04:31:13","modified_gmt":"2026-04-26T04:31:13","slug":"unutmayalim-ki-onlemek-mudahaleden-daha-gucludur","status":"publish","type":"post","link":"https:\/\/eskigazeteci.com\/?p=28992","title":{"rendered":"\u2018Unutmayal\u0131m ki \u00f6nlemek, m\u00fcdahaleden daha g\u00fc\u00e7l\u00fcd\u00fcr\u2019"},"content":{"rendered":"<p>Amerikan filmlerinden f\u0131rlam\u0131\u015f gibiydi okul sald\u0131r\u0131lar\u0131 g\u00f6r\u00fcnt\u00fcleri&#8230; \u00d6nce inanamad\u0131k, sonra b\u00fcy\u00fck bir endi\u015feye kap\u0131ld\u0131k. Bug\u00fcne kadar sadece filmlerde tan\u0131k oldu\u011fumuz \u2018silahl\u0131 okul sald\u0131r\u0131s\u0131\u2019 nas\u0131l ger\u00e7ek oldu, neden arka arkaya ya\u015fand\u0131 derken \u00f6nceki g\u00fcn Ankara, Sincan\u2019daki bir okulda 5\u2019inci s\u0131n\u0131f \u00f6\u011frencisinin okula silah g\u00f6t\u00fcrd\u00fc\u011f\u00fc haberi endi\u015felerimizi daha da art\u0131rd\u0131. B\u00fct\u00fcn ebeveynlerin \u00f6ncelikli konusu okullardaki g\u00fcvenlik oldu. D\u00fcn H\u00fcrriyet Cumartesi\u2019de yay\u0131mlanan \u00c7ocukla Hayat k\u00f6\u015fesinde kendi \u00e7ocuklar\u0131m\u0131za ya\u015fananlar\u0131 nas\u0131l anlatt\u0131\u011f\u0131m\u0131z\u0131 konu\u015fup uzmanlar\u0131n g\u00f6r\u00fc\u015flerine yer verdik. Bu haberde de g\u00f6r\u00fc\u015flerine ba\u015fvurdu\u011fumuz yedi uzman konuyu farkl\u0131 ba\u015fl\u0131klar alt\u0131nda de\u011ferlendirdi.<\/p>\n<p>\u00c7ocuk g\u00fcvenli\u011fi uzman\u0131<\/p>\n<p>Volkan \u00c7olako\u011flu, \u00c7ocuk \u0130stismar\u0131 ve \u0130hmali ile M\u00fccadele Derne\u011fi olarak \u00e7ocuklar\u0131n oldu\u011fu her alanda fiziksel, ruhsal ve hukuksal g\u00fcvenli\u011fi sa\u011flamak amac\u0131yla \u2018\u00c7ocuk G\u00fcvenli\u011fi Uzmanl\u0131\u011f\u0131\u2019 meslek e\u011fitimini hayata ge\u00e7irdiklerini a\u00e7\u0131klad\u0131: \u201c19 Nisan\u2019da yap\u0131lan \u00e7al\u0131\u015ftayda bir araya geldik ve m\u00fcfredat belirleme \u00e7al\u0131\u015fmam\u0131z aktif olarak ba\u015flad\u0131. \u00c7al\u0131\u015ftay \u00e7\u0131kt\u0131lar\u0131 tamamland\u0131ktan sonra finalize edilecek olan bu \u00f6nc\u00fc e\u011fitim program\u0131 bir \u00fcniversitenin S\u00fcrekli E\u011fitim Merkezi (SEM) b\u00fcnyesine&#8230;<\/p>\n","protected":false},"excerpt":{"rendered":"<p>\u015eanl\u0131urfa ve ard\u0131ndan Kahramanmara\u015f\u2019ta ger\u00e7ekle\u015fen okul sald\u0131r\u0131lar\u0131 t\u00fcm \u00fclkeyi derinden sarst\u0131. B\u00fct\u00fcn bu ya\u015fananlar\u0131n tekrar\u0131 olmamas\u0131 i\u00e7in okullarda ve&#8230;<\/p>\n","protected":false},"author":2,"featured_media":28991,"comment_status":"open","ping_status":"open","sticky":false,"template":"","format":"standard","meta":{"footnotes":""},"categories":[8,6,5],"tags":[],"class_list":["post-28992","post","type-post","status-publish","format-standard","has-post-thumbnail","hentry","category-arsiv","category-gundem","category-son-dakika"],"_links":{"self":[{"href":"https:\/\/eskigazeteci.com\/index.php?rest_route=\/wp\/v2\/posts\/28992","targetHints":{"allow":["GET"]}}],"collection":[{"href":"https:\/\/eskigazeteci.com\/index.php?rest_route=\/wp\/v2\/posts"}],"about":[{"href":"https:\/\/eskigazeteci.com\/index.php?rest_route=\/wp\/v2\/types\/post"}],"author":[{"embeddable":true,"href":"https:\/\/eskigazeteci.com\/index.php?rest_route=\/wp\/v2\/users\/2"}],"replies":[{"embeddable":true,"href":"https:\/\/eskigazeteci.com\/index.php?rest_route=%2Fwp%2Fv2%2Fcomments&post=28992"}],"version-history":[{"count":0,"href":"https:\/\/eskigazeteci.com\/index.php?rest_route=\/wp\/v2\/posts\/28992\/revisions"}],"wp:featuredmedia":[{"embeddable":true,"href":"https:\/\/eskigazeteci.com\/index.php?rest_route=\/wp\/v2\/media\/28991"}],"wp:attachment":[{"href":"https:\/\/eskigazeteci.com\/index.php?rest_route=%2Fwp%2Fv2%2Fmedia&parent=28992"}],"wp:term":[{"taxonomy":"category","embeddable":true,"href":"https:\/\/eskigazeteci.com\/index.php?rest_route=%2Fwp%2Fv2%2Fcategories&post=28992"},{"taxonomy":"post_tag","embeddable":true,"href":"https:\/\/eskigazeteci.com\/index.php?rest_route=%2Fwp%2Fv2%2Ftags&post=28992"}],"curies":[{"name":"wp","href":"https:\/\/api.w.org\/{rel}","templated":true}]}}