{"id":28982,"date":"2026-04-26T04:24:09","date_gmt":"2026-04-26T04:24:09","guid":{"rendered":"https:\/\/eskigazeteci.com\/?p=28982"},"modified":"2026-04-26T04:24:09","modified_gmt":"2026-04-26T04:24:09","slug":"istanbulda-kura-cekim-torenine-katilan-erdogan-yegane-cozum-kentsel-donusum","status":"publish","type":"post","link":"https:\/\/eskigazeteci.com\/?p=28982","title":{"rendered":"\u0130stanbul\u2019da kura \u00e7ekim t\u00f6renine kat\u0131lan Erdo\u011fan: Yegane \u00e7\u00f6z\u00fcm kentsel d\u00f6n\u00fc\u015f\u00fcm"},"content":{"rendered":"<p>Cumhurba\u015fkan\u0131 Tayyip Erdo\u011fan, Atat\u00fcrk Havaliman\u0131 Millet Bah\u00e7esi\u2019nde d\u00fczenlenen \u2018Ev Sahibi T\u00fcrkiye, \u0130stanbul 100 Bin Konut Kura \u00c7ekim T\u00f6reni\u2019nde yapt\u0131\u011f\u0131 konu\u015fmada \u00f6zetle \u015funlar\u0131 s\u00f6yledi: \u201c500 Bin Sosyal Konut Projemiz kapsam\u0131nda kuralar\u0131n\u0131 \u00e7ekece\u011fimiz 100 bin konutun hak sahiplerimiz ba\u015fta olmak \u00fczere \u0130stanbul\u2019umuz, \u00fclkemiz ve milletimiz i\u00e7in hay\u0131rlara vesile olmas\u0131n\u0131 diliyorum. AK Parti olarak 23.5 y\u0131ld\u0131r \u015fehirlerimizi abat etmenin, milletimize hakk\u0131yla hizmet etmenin gayretindeyiz. Bilhassa \u015fehirlerimizin altyap\u0131s\u0131n\u0131 iyile\u015ftirmenin, depreme daha diren\u00e7li hale getirmenin samimi \u00e7abas\u0131 i\u00e7indeyiz. 1 M\u0130LYON 762 B\u0130N SOSYAL KONUT<\/p>\n<p>TOK\u0130 eliyle bug\u00fcne kadar tam 1 milyon 762 bin sosyal konutu milletimizin hizmetine sunduk. Bu konutlarla 6 milyondan fazla vatanda\u015f\u0131m\u0131z\u0131 camileriyle, parklar\u0131yla, y\u00fcr\u00fcy\u00fc\u015f yollar\u0131 ve di\u011fer sosyal donat\u0131lar\u0131yla modern ya\u015fam alanlar\u0131na kavu\u015fturduk. Bug\u00fcne kadar \u0130stanbul\u2019da 986 bin, T\u00fcrkiye genelinde ise 2 milyon 262 bin ba\u011f\u0131ms\u0131z b\u00f6l\u00fcm\u00fc d\u00f6n\u00fc\u015ft\u00fcrmeyi ba\u015fard\u0131k. \u0130stanbul\u2019da 232 bin 533 ba\u011f\u0131ms\u0131z b\u00f6l\u00fcm\u00fcn in\u015faa s\u00fcreci, 125 binin proje s\u00fcreci kentsel d\u00f6n\u00fc\u015f\u00fcm \u00e7al\u0131\u015fmalar\u0131 kapsam\u0131nda devam ediyor. 81 ilimizde toplam 264 bin ba\u011f\u0131ms\u0131z b\u00f6l\u00fcm\u00fcn\u00fcn yap\u0131m\u0131 da yine kentsel d\u00f6n\u00fc\u015f\u00fcm&#8230;<\/p>\n","protected":false},"excerpt":{"rendered":"<p>\u2018Ev Sahibi T\u00fcrkiye, \u0130stanbul 100 Bin Konut Kura \u00c7ekim T\u00f6reni\u2019ne kat\u0131lan Cumhurba\u015fkan\u0131 Erdo\u011fan, \u201c\u0130stanbul\u2019un g\u00fcvenli\u011fi i\u00e7in yeg\u00e2ne \u00e7\u00f6z\u00fcm kentsel d\u00f6n\u00fc\u015f\u00fcmd\u00fcr&#8230;.<\/p>\n","protected":false},"author":2,"featured_media":28981,"comment_status":"open","ping_status":"open","sticky":false,"template":"","format":"standard","meta":{"footnotes":""},"categories":[8,6,5],"tags":[],"class_list":["post-28982","post","type-post","status-publish","format-standard","has-post-thumbnail","hentry","category-arsiv","category-gundem","category-son-dakika"],"_links":{"self":[{"href":"https:\/\/eskigazeteci.com\/index.php?rest_route=\/wp\/v2\/posts\/28982","targetHints":{"allow":["GET"]}}],"collection":[{"href":"https:\/\/eskigazeteci.com\/index.php?rest_route=\/wp\/v2\/posts"}],"about":[{"href":"https:\/\/eskigazeteci.com\/index.php?rest_route=\/wp\/v2\/types\/post"}],"author":[{"embeddable":true,"href":"https:\/\/eskigazeteci.com\/index.php?rest_route=\/wp\/v2\/users\/2"}],"replies":[{"embeddable":true,"href":"https:\/\/eskigazeteci.com\/index.php?rest_route=%2Fwp%2Fv2%2Fcomments&post=28982"}],"version-history":[{"count":0,"href":"https:\/\/eskigazeteci.com\/index.php?rest_route=\/wp\/v2\/posts\/28982\/revisions"}],"wp:featuredmedia":[{"embeddable":true,"href":"https:\/\/eskigazeteci.com\/index.php?rest_route=\/wp\/v2\/media\/28981"}],"wp:attachment":[{"href":"https:\/\/eskigazeteci.com\/index.php?rest_route=%2Fwp%2Fv2%2Fmedia&parent=28982"}],"wp:term":[{"taxonomy":"category","embeddable":true,"href":"https:\/\/eskigazeteci.com\/index.php?rest_route=%2Fwp%2Fv2%2Fcategories&post=28982"},{"taxonomy":"post_tag","embeddable":true,"href":"https:\/\/eskigazeteci.com\/index.php?rest_route=%2Fwp%2Fv2%2Ftags&post=28982"}],"curies":[{"name":"wp","href":"https:\/\/api.w.org\/{rel}","templated":true}]}}