{"id":28980,"date":"2026-04-26T04:22:35","date_gmt":"2026-04-26T04:22:35","guid":{"rendered":"https:\/\/eskigazeteci.com\/?p=28980"},"modified":"2026-04-26T04:22:35","modified_gmt":"2026-04-26T04:22:35","slug":"chpde-baskanlar-zirvesi-yapildi-ihbar-sandigi-kurulacak","status":"publish","type":"post","link":"https:\/\/eskigazeteci.com\/?p=28980","title":{"rendered":"CHP\u2019de ba\u015fkanlar zirvesi yap\u0131ld\u0131&#8230; \u2018\u0130hbar sand\u0131\u011f\u0131\u2019 kurulacak"},"content":{"rendered":"<p>Son olarak CHP\u2019li Ata\u015fehir Belediye Ba\u015fkan\u0131 Onursal Ad\u0131g\u00fczel \u2019in tutuklanmas\u0131yla partinin tutumunun yeniden ele al\u0131nmas\u0131na y\u00f6nelik \u00e7a\u011fr\u0131lar yap\u0131lm\u0131\u015ft\u0131. Ankara B\u00fcy\u00fck\u015fehir Belediye Ba\u015fkan\u0131 Mansur Yava\u015f, \u201cHer g\u00fcn bir operasyonla uyan\u0131yoruz, bunu seyredemeyiz. Art\u0131k topluca bir karar almam\u0131z ve bunu t\u00fcm d\u00fcnyaya duyurmam\u0131z gerekiyor\u201d demi\u015fti. Bu \u00e7a\u011fr\u0131lar\u0131n ard\u0131ndan yeni yol haritas\u0131n\u0131 belirlemek amac\u0131yla CHP\u2019li b\u00fcy\u00fck\u015fehir, il, il\u00e7e, belde belediye ba\u015fkanlar\u0131 ve b\u00fcy\u00fck\u015fehirlerin il\u00e7e belediye ba\u015fkanlar\u0131 d\u00fcn CHP Genel Ba\u015fkan\u0131 \u00d6zg\u00fcr \u00d6zel ba\u015fkanl\u0131\u011f\u0131nda CHP Genel Merkezi\u2019nde bir araya geldi.<\/p>\n<p>AYRI SALONDA<\/p>\n<p>Toplant\u0131lar, farkl\u0131 salonlarda be\u015f ayr\u0131 oturum \u015feklinde yap\u0131ld\u0131. Toplant\u0131lar\u0131n ard\u0131ndan yerel y\u00f6netimlerden sorumlu Genel Ba\u015fkan Yard\u0131mc\u0131s\u0131 G\u00f6khan Zeybek ile b\u00fcy\u00fck\u015fehir belediye ba\u015fkanlar\u0131, kat\u0131l\u0131mc\u0131lar\u0131n bir araya geldi\u011fi b\u00fcy\u00fck salonda k\u00fcrs\u00fcye \u00e7\u0131karak konu\u015ftular. CHP Lideri \u00d6zel de t\u00fcm de\u011ferlendirmelerin ard\u0131ndan al\u0131nan kararlar\u0131 kamuoyuyla payla\u015ft\u0131. \u00d6zel, \u00f6zetle \u015funlar\u0131 s\u00f6yledi: \u201cSald\u0131r\u0131lan CHP\u2019li belediyeler de\u011fildir, sald\u0131r\u0131lan CHP de de\u011fildir. Sald\u0131ranlar, kre\u015fteki yoksul \u00e7ocuklara sald\u0131rmaktad\u0131r, yurtlara sald\u0131rmaktad\u0131r. Kent lokantalar\u0131na, halk marketlere, annekarta, beslenme&#8230;<\/p>\n","protected":false},"excerpt":{"rendered":"<p>CHP Lideri \u00d6zel, yolsuzluk operasyonlar\u0131, soru\u015fturmalar ve yarg\u0131lamalara kar\u015f\u0131 yeni yol haritas\u0131 olu\u015fturmak amac\u0131yla planlad\u0131\u011f\u0131 toplant\u0131lara d\u00fcn belediye&#8230;<\/p>\n","protected":false},"author":2,"featured_media":28979,"comment_status":"open","ping_status":"open","sticky":false,"template":"","format":"standard","meta":{"footnotes":""},"categories":[8,6,5],"tags":[],"class_list":["post-28980","post","type-post","status-publish","format-standard","has-post-thumbnail","hentry","category-arsiv","category-gundem","category-son-dakika"],"_links":{"self":[{"href":"https:\/\/eskigazeteci.com\/index.php?rest_route=\/wp\/v2\/posts\/28980","targetHints":{"allow":["GET"]}}],"collection":[{"href":"https:\/\/eskigazeteci.com\/index.php?rest_route=\/wp\/v2\/posts"}],"about":[{"href":"https:\/\/eskigazeteci.com\/index.php?rest_route=\/wp\/v2\/types\/post"}],"author":[{"embeddable":true,"href":"https:\/\/eskigazeteci.com\/index.php?rest_route=\/wp\/v2\/users\/2"}],"replies":[{"embeddable":true,"href":"https:\/\/eskigazeteci.com\/index.php?rest_route=%2Fwp%2Fv2%2Fcomments&post=28980"}],"version-history":[{"count":0,"href":"https:\/\/eskigazeteci.com\/index.php?rest_route=\/wp\/v2\/posts\/28980\/revisions"}],"wp:featuredmedia":[{"embeddable":true,"href":"https:\/\/eskigazeteci.com\/index.php?rest_route=\/wp\/v2\/media\/28979"}],"wp:attachment":[{"href":"https:\/\/eskigazeteci.com\/index.php?rest_route=%2Fwp%2Fv2%2Fmedia&parent=28980"}],"wp:term":[{"taxonomy":"category","embeddable":true,"href":"https:\/\/eskigazeteci.com\/index.php?rest_route=%2Fwp%2Fv2%2Fcategories&post=28980"},{"taxonomy":"post_tag","embeddable":true,"href":"https:\/\/eskigazeteci.com\/index.php?rest_route=%2Fwp%2Fv2%2Ftags&post=28980"}],"curies":[{"name":"wp","href":"https:\/\/api.w.org\/{rel}","templated":true}]}}