{"id":28948,"date":"2026-04-25T21:00:18","date_gmt":"2026-04-25T21:00:18","guid":{"rendered":"https:\/\/eskigazeteci.com\/?p=28948"},"modified":"2026-04-25T21:00:18","modified_gmt":"2026-04-25T21:00:18","slug":"guller-ve-gunahlarin-26-bolumunde-neler-oldu-ayrilalim-zeynep","status":"publish","type":"post","link":"https:\/\/eskigazeteci.com\/?p=28948","title":{"rendered":"G\u00fcller ve G\u00fcnahlar&#8217;\u0131n 26. b\u00f6l\u00fcm\u00fcnde neler oldu? &#8216;Ayr\u0131lal\u0131m Zeynep&#8217;"},"content":{"rendered":"<p>Dizinin \u00f6nceki b\u00f6l\u00fcm\u00fcnde;<\/p>\n<p>Kader ile sahilde otururken yanlar\u0131na gelen iki ki\u015finin sald\u0131r\u0131s\u0131na u\u011frayan Zeynep&#x27;in yar\u0131m\u0131na karde\u015fi Ebru ko\u015ftu. Ancak iki kad\u0131n\u0131n g\u00fcc\u00fc kendilerini rahats\u0131z edenlere yetmedi.<\/p>\n<p>Gamze&#x27;den kar\u0131s\u0131n\u0131n yerini \u00f6\u011frenen Serhat, hem Zeynep&#x27;i hem de Ebru&#x27;yu kurtarmay\u0131 ba\u015fard\u0131.<\/p>\n<p>\u00c7ocuk ka\u00e7\u0131rmakla su\u00e7lanan Zeynep, polisler taraf\u0131ndan g\u00f6zalt\u0131na al\u0131nd\u0131. Zeynep nezaretteyken emniyete gelen Azra, Cihan&#x27;\u0131n gizli kapakl\u0131 yapt\u0131\u011f\u0131 sevkiyat plan\u0131n\u0131 Serhat&#x27;a haber verdi.<\/p>\n<p>Pelin&#x27;in de konuyla ilgili sorular sordu\u011fundan bahseden Can, karde\u015finin kafas\u0131n\u0131 daha da kar\u0131\u015ft\u0131rd\u0131.<\/p>\n<p>Par\u00e7alar\u0131 birle\u015ftiren Serhat, Pelin&#x27;in foto\u011fraf\u0131n\u0131 Kader&#x27;e g\u00f6sterdi:<\/p>\n<p>Ben evden ka\u00e7m\u0131\u015ft\u0131m ya bu abla beni buldu&#8230; Beni babama g\u00f6t\u00fcrecekti&#8230;<\/p>\n<p>Ben evden ka\u00e7m\u0131\u015ft\u0131m ya bu abla beni buldu&#8230; Beni babama g\u00f6t\u00fcrecekti&#8230;<\/p>\n<p>Serhat, i\u00e7lerine s\u0131zan k\u00f6stebe\u011fin Pelin oldu\u011funu anlad\u0131.<\/p>\n<p>Dizinin yeni b\u00f6l\u00fcm\u00fcnde;<\/p>\n<p>Can\u2019\u0131n Berrak\u2019\u0131n \u015fikayetini geri almas\u0131 halinde Zeynep\u2019in \u00e7\u0131kabilece\u011fini s\u00f6ylemesi Serhat\u2019\u0131 harekete ge\u00e7irdi.<\/p>\n<p>Berrak ile konu\u015fan Serhat, ona \u015fikayetini geri \u00e7ektirdi.<\/p>\n<p>Amcas\u0131 ile babas\u0131 aras\u0131ndaki gerilimin nedenini merak eden Hayal, Cihan\u2019\u0131 ziyarete gitti.<\/p>\n<p>Sen babama ne yapt\u0131n da sana bu kadar k\u0131zd\u0131?<\/p>\n<p>Sen babama&#8230;<\/p>\n","protected":false},"excerpt":{"rendered":"<p>Ba\u015frollerini Cemre Baysel ile Murat Y\u0131ld\u0131r\u0131m\u2019\u0131n payla\u015ft\u0131\u011f\u0131 Kanal D\u2019nin merakla beklenen dizisi \u201cG\u00fcller ve G\u00fcnahlar\u201d 26. b\u00f6l\u00fcm\u00fc ile ekranlardayd\u0131&#8230;<\/p>\n","protected":false},"author":2,"featured_media":28947,"comment_status":"open","ping_status":"open","sticky":false,"template":"","format":"standard","meta":{"footnotes":""},"categories":[8,6,5],"tags":[],"class_list":["post-28948","post","type-post","status-publish","format-standard","has-post-thumbnail","hentry","category-arsiv","category-gundem","category-son-dakika"],"_links":{"self":[{"href":"https:\/\/eskigazeteci.com\/index.php?rest_route=\/wp\/v2\/posts\/28948","targetHints":{"allow":["GET"]}}],"collection":[{"href":"https:\/\/eskigazeteci.com\/index.php?rest_route=\/wp\/v2\/posts"}],"about":[{"href":"https:\/\/eskigazeteci.com\/index.php?rest_route=\/wp\/v2\/types\/post"}],"author":[{"embeddable":true,"href":"https:\/\/eskigazeteci.com\/index.php?rest_route=\/wp\/v2\/users\/2"}],"replies":[{"embeddable":true,"href":"https:\/\/eskigazeteci.com\/index.php?rest_route=%2Fwp%2Fv2%2Fcomments&post=28948"}],"version-history":[{"count":0,"href":"https:\/\/eskigazeteci.com\/index.php?rest_route=\/wp\/v2\/posts\/28948\/revisions"}],"wp:featuredmedia":[{"embeddable":true,"href":"https:\/\/eskigazeteci.com\/index.php?rest_route=\/wp\/v2\/media\/28947"}],"wp:attachment":[{"href":"https:\/\/eskigazeteci.com\/index.php?rest_route=%2Fwp%2Fv2%2Fmedia&parent=28948"}],"wp:term":[{"taxonomy":"category","embeddable":true,"href":"https:\/\/eskigazeteci.com\/index.php?rest_route=%2Fwp%2Fv2%2Fcategories&post=28948"},{"taxonomy":"post_tag","embeddable":true,"href":"https:\/\/eskigazeteci.com\/index.php?rest_route=%2Fwp%2Fv2%2Ftags&post=28948"}],"curies":[{"name":"wp","href":"https:\/\/api.w.org\/{rel}","templated":true}]}}