{"id":28938,"date":"2026-04-25T20:30:13","date_gmt":"2026-04-25T20:30:13","guid":{"rendered":"https:\/\/eskigazeteci.com\/?p=28938"},"modified":"2026-04-25T20:30:13","modified_gmt":"2026-04-25T20:30:13","slug":"adalet-bakani-gurlek-hukuk-mesleklerine-giris-sinavi-adaylarina-basari-diledi","status":"publish","type":"post","link":"https:\/\/eskigazeteci.com\/?p=28938","title":{"rendered":"Adalet Bakan\u0131 G\u00fcrlek, Hukuk Mesleklerine Giri\u015f S\u0131nav\u0131 adaylar\u0131na ba\u015far\u0131 diledi"},"content":{"rendered":"<p>Bakan G\u00fcrlek, sosyal medya hesab\u0131ndan yapt\u0131\u011f\u0131 payla\u015f\u0131mda, \u015funlar\u0131 kaydetti:<\/p>\n<p>&quot;Yar\u0131n 12 bin 993 aday\u0131n kat\u0131l\u0131m\u0131yla, 17 ilde 18 merkezde ger\u00e7ekle\u015ftirilecek olan Hukuk Mesleklerine Giri\u015f S\u0131nav\u0131 &#x27;na girecek t\u00fcm adaylara zihin a\u00e7\u0131kl\u0131\u011f\u0131 ve muvaffakiyet temenni ediyorum. Bu s\u0131nav\u0131n hukuk camiam\u0131za nitelikli, donan\u0131ml\u0131 ve adalet duygusu g\u00fc\u00e7l\u00fc yeni mensuplar kazand\u0131raca\u011f\u0131na y\u00fcrekten inan\u0131yorum.&quot;<\/p>\n<p>T\u00fcrkiye g\u00fcndeminden son dakika haberleri, bug\u00fcn ya\u015fanan en son geli\u015fmeler, siyaset g\u00fcndeminden g\u00fcncel haberler ve b\u00fct\u00fcn son dakika haberleri i\u00e7in H\u00fcrriyet&#x27;in internet haber sitesi hurriyet.com.tr; Hurriyet.com.tr haber i\u00e7erikleri kaynak g\u00f6sterilmeden al\u0131nt\u0131 yap\u0131lamaz, Kanuna ayk\u0131r\u0131 ve izinsiz olarak kopyalanamaz, ba\u015fka yerde yay\u0131nlanamaz.<\/p>\n","protected":false},"excerpt":{"rendered":"<p>Adalet Bakan\u0131 Ak\u0131n G\u00fcrlek, yar\u0131n yap\u0131lacak Hukuk Mesleklerine Giri\u015f S\u0131nav\u0131&#8217;na girecek adaylara ba\u015far\u0131 diledi.<\/p>\n","protected":false},"author":2,"featured_media":28937,"comment_status":"open","ping_status":"open","sticky":false,"template":"","format":"standard","meta":{"footnotes":""},"categories":[8,6,5],"tags":[],"class_list":["post-28938","post","type-post","status-publish","format-standard","has-post-thumbnail","hentry","category-arsiv","category-gundem","category-son-dakika"],"_links":{"self":[{"href":"https:\/\/eskigazeteci.com\/index.php?rest_route=\/wp\/v2\/posts\/28938","targetHints":{"allow":["GET"]}}],"collection":[{"href":"https:\/\/eskigazeteci.com\/index.php?rest_route=\/wp\/v2\/posts"}],"about":[{"href":"https:\/\/eskigazeteci.com\/index.php?rest_route=\/wp\/v2\/types\/post"}],"author":[{"embeddable":true,"href":"https:\/\/eskigazeteci.com\/index.php?rest_route=\/wp\/v2\/users\/2"}],"replies":[{"embeddable":true,"href":"https:\/\/eskigazeteci.com\/index.php?rest_route=%2Fwp%2Fv2%2Fcomments&post=28938"}],"version-history":[{"count":0,"href":"https:\/\/eskigazeteci.com\/index.php?rest_route=\/wp\/v2\/posts\/28938\/revisions"}],"wp:featuredmedia":[{"embeddable":true,"href":"https:\/\/eskigazeteci.com\/index.php?rest_route=\/wp\/v2\/media\/28937"}],"wp:attachment":[{"href":"https:\/\/eskigazeteci.com\/index.php?rest_route=%2Fwp%2Fv2%2Fmedia&parent=28938"}],"wp:term":[{"taxonomy":"category","embeddable":true,"href":"https:\/\/eskigazeteci.com\/index.php?rest_route=%2Fwp%2Fv2%2Fcategories&post=28938"},{"taxonomy":"post_tag","embeddable":true,"href":"https:\/\/eskigazeteci.com\/index.php?rest_route=%2Fwp%2Fv2%2Ftags&post=28938"}],"curies":[{"name":"wp","href":"https:\/\/api.w.org\/{rel}","templated":true}]}}