{"id":28832,"date":"2026-04-25T12:39:44","date_gmt":"2026-04-25T12:39:44","guid":{"rendered":"https:\/\/eskigazeteci.com\/?p=28832"},"modified":"2026-04-25T12:39:44","modified_gmt":"2026-04-25T12:39:44","slug":"samsunspordan-pfdkye-sevk-edilmelerine-tepki-hak-ve-adalet-ariyoruz","status":"publish","type":"post","link":"https:\/\/eskigazeteci.com\/?p=28832","title":{"rendered":"Samsunspor&#8217;dan PFDK&#8217;ye sevk edilmelerine tepki: &#8216;Hak ve adalet ar\u0131yoruz!&#8217;"},"content":{"rendered":"<p>\u00c7ak\u0131r, Nuri Asan Tesisleri&#x27;nde d\u00fczenledi\u011fi bas\u0131n toplant\u0131s\u0131nda, Ziraat T\u00fcrkiye Kupas\u0131 \u00e7eyrek finalinde Trabzonspor ile yapt\u0131klar\u0131 kar\u015f\u0131la\u015fman\u0131n Avrupa&#x27;ya gitmek i\u00e7in \u00e7ok \u00f6nemli bir ma\u00e7 oldu\u011funu ancak elendiklerini s\u00f6yledi.<\/p>\n<p>K\u0131rm\u0131z\u0131-beyazl\u0131 kul\u00fcp ile ba\u015fkan Y\u00fcksel Y\u0131ld\u0131r\u0131m&#x27;\u0131n, yap\u0131lan a\u00e7\u0131klamalar ve taraftarlar\u0131n g\u00f6sterdi\u011fi tepkiler nedeniyle TFF taraf\u0131ndan PFDK&#x27;ye sevk edildi\u011fini dile getiren \u00c7ak\u0131r, &quot;\u00c7aykur Rizespor ma\u00e7\u0131ndan sonra federasyona, bu hakemle ilgili Trabzonspor ma\u00e7\u0131 a\u00e7\u0131klan\u0131nca yaz\u0131 yazd\u0131k. &#x27;Bu hakemi al\u0131n.&#x27; dedik. Sanki bug\u00fcnleri bilecekmi\u015f gibi bu yaz\u0131y\u0131 federasyonun y\u00f6netim kuruluna g\u00f6nderdik.&quot; ifadelerini kulland\u0131.<\/p>\n<p>Yaz\u0131n\u0131n \u00c7aykur Rizespor ma\u00e7\u0131 sonras\u0131 Samsunspor Teknik Direkt\u00f6r\u00fc Thorsten Fink&#x27;e 3 m\u00fcsabakadan men cezas\u0131 ve hakem atamalar\u0131n\u0131 i\u00e7eren s\u00fcre\u00e7 hakk\u0131nda oldu\u011funu anlatan \u00c7ak\u0131r, &quot;Bu kadar itirazlar\u0131m\u0131za ra\u011fmen Atilla Karao\u011flan yine bizim ma\u00e7a verilip, Trabzonspor ma\u00e7\u0131nda olaylar\u0131n olmas\u0131na neden olmu\u015ftur. Evet, ceza kuruluna verildik. Haks\u0131z nedenlerle verildik. Trabzonspor ma\u00e7\u0131 sonras\u0131 kul\u00fcb\u00fcm\u00fcz sosyal medyada bir resim payla\u015ft\u0131 ve iki de c\u00fcmle vard\u0131. Bizi ceza kuruluna verdiler. Hak ve adalet ar\u0131yoruz. Verdi\u011fimiz her tepki ifade \u00f6zg\u00fcrl\u00fc\u011f\u00fc s\u0131n\u0131rlar\u0131 i\u00e7inde&#8230;.<\/p>\n","protected":false},"excerpt":{"rendered":"<p>Samsunspor&#8217;un kul\u00fcp bas\u0131n s\u00f6zc\u00fcs\u00fc Suat \u00c7ak\u0131r, T\u00fcrkiye Futbol Federasyonu (TFF) Profesyonel Futbol Disiplin Kuruluna (PFDK) sevk edilmelerine ili\u015fkin karar\u0131n&#8230;<\/p>\n","protected":false},"author":2,"featured_media":28831,"comment_status":"open","ping_status":"open","sticky":false,"template":"","format":"standard","meta":{"footnotes":""},"categories":[8,5,7],"tags":[],"class_list":["post-28832","post","type-post","status-publish","format-standard","has-post-thumbnail","hentry","category-arsiv","category-son-dakika","category-spor"],"_links":{"self":[{"href":"https:\/\/eskigazeteci.com\/index.php?rest_route=\/wp\/v2\/posts\/28832","targetHints":{"allow":["GET"]}}],"collection":[{"href":"https:\/\/eskigazeteci.com\/index.php?rest_route=\/wp\/v2\/posts"}],"about":[{"href":"https:\/\/eskigazeteci.com\/index.php?rest_route=\/wp\/v2\/types\/post"}],"author":[{"embeddable":true,"href":"https:\/\/eskigazeteci.com\/index.php?rest_route=\/wp\/v2\/users\/2"}],"replies":[{"embeddable":true,"href":"https:\/\/eskigazeteci.com\/index.php?rest_route=%2Fwp%2Fv2%2Fcomments&post=28832"}],"version-history":[{"count":0,"href":"https:\/\/eskigazeteci.com\/index.php?rest_route=\/wp\/v2\/posts\/28832\/revisions"}],"wp:featuredmedia":[{"embeddable":true,"href":"https:\/\/eskigazeteci.com\/index.php?rest_route=\/wp\/v2\/media\/28831"}],"wp:attachment":[{"href":"https:\/\/eskigazeteci.com\/index.php?rest_route=%2Fwp%2Fv2%2Fmedia&parent=28832"}],"wp:term":[{"taxonomy":"category","embeddable":true,"href":"https:\/\/eskigazeteci.com\/index.php?rest_route=%2Fwp%2Fv2%2Fcategories&post=28832"},{"taxonomy":"post_tag","embeddable":true,"href":"https:\/\/eskigazeteci.com\/index.php?rest_route=%2Fwp%2Fv2%2Ftags&post=28832"}],"curies":[{"name":"wp","href":"https:\/\/api.w.org\/{rel}","templated":true}]}}