{"id":288,"date":"2026-02-09T10:43:33","date_gmt":"2026-02-09T10:43:33","guid":{"rendered":"https:\/\/eskigazeteci.com\/?p=288"},"modified":"2026-02-09T10:43:33","modified_gmt":"2026-02-09T10:43:33","slug":"haber-119","status":"publish","type":"post","link":"https:\/\/eskigazeteci.com\/?p=288","title":{"rendered":"Haber"},"content":{"rendered":"<p>Edinilen bilgilere g\u00f6re olay, sabah saatlerinde Y\u0131ld\u0131r\u0131m il\u00e7esine ba\u011fl\u0131 Fidyek\u0131z\u0131k Mahallesi\u2019nde meydana geldi. G\u00fcn i\u00e7inde eni\u015ftesi Alperen \u015eahin ile tart\u0131\u015ft\u0131\u011f\u0131 \u00f6\u011frenilen F\u0131rat \u00c7., 6. Lale Sokak \u00fczerinde \u015eahin ile kar\u015f\u0131 kar\u015f\u0131ya geldi. K\u0131sa s\u00fcrede b\u00fcy\u00fcyen tart\u0131\u015fma s\u0131ras\u0131nda F\u0131rat \u00c7., yan\u0131nda bulunan tabancayla eni\u015ftesine ate\u015f a\u00e7t\u0131.<\/p>\n<p>8 KUR\u015eUNLA \u00d6LD\u00dcRD\u00dc<\/p>\n<p>V\u00fccuduna 8 kur\u015fun isabet eden Alperen \u015eahin a\u011f\u0131r yaraland\u0131. Silah seslerini duyan \u00e7evredeki vatanda\u015flar\u0131n ihbar\u0131 \u00fczerine olay yerine polis ve sa\u011fl\u0131k ekipleri sevk edildi. Sa\u011fl\u0131k ekiplerinin ilk m\u00fcdahalesinin ard\u0131ndan Y\u00fcksek \u0130htisas E\u011fitim ve Ara\u015ft\u0131rma Hastanesi\u2019ne kald\u0131r\u0131lan \u015eahin, doktorlar\u0131n t\u00fcm m\u00fcdahalelerine ra\u011fmen kurtar\u0131lamad\u0131.<\/p>\n<p>Olay sonras\u0131 cinnet ge\u00e7irdi\u011fi iddia edilen \u015f\u00fcpheli F\u0131rat \u00c7.\u2019nin, evine gelen polis ekiplerine teslim oldu\u011fu \u00f6\u011frenildi. Olayda kullan\u0131lan silaha el konulurken, \u015f\u00fcphelinin emniyetteki i\u015flemlerinin s\u00fcrd\u00fc\u011f\u00fc bildirildi. Cinayetle ilgili soru\u015fturma devam ediyor.<\/p>\n<p>T\u00fcrkiye g\u00fcndeminden son dakika haberleri, bug\u00fcn ya\u015fanan en son geli\u015fmeler, siyaset g\u00fcndeminden g\u00fcncel haberler ve b\u00fct\u00fcn son dakika haberleri i\u00e7in H\u00fcrriyet&#x27;in internet haber sitesi hurriyet.com.tr; Hurriyet.com.tr haber i\u00e7erikleri kaynak g\u00f6sterilmeden al\u0131nt\u0131 yap\u0131lamaz, Kanuna ayk\u0131r\u0131 ve izinsiz olarak kopyalanamaz, ba\u015fka yerde yay\u0131nlanamaz.<\/p>\n","protected":false},"excerpt":{"rendered":"<p>Bursa\u2019n\u0131n Y\u0131ld\u0131r\u0131m il\u00e7esinde F\u0131rat \u00c7., sokak ortas\u0131nda eni\u015ftesi Alperen \u015eahin&#8217;i silahla vurarak \u00f6ld\u00fcrd\u00fc.<\/p>\n","protected":false},"author":2,"featured_media":287,"comment_status":"open","ping_status":"open","sticky":false,"template":"","format":"standard","meta":{"footnotes":""},"categories":[8,3],"tags":[],"class_list":["post-288","post","type-post","status-publish","format-standard","has-post-thumbnail","hentry","category-arsiv","category-siyaset"],"_links":{"self":[{"href":"https:\/\/eskigazeteci.com\/index.php?rest_route=\/wp\/v2\/posts\/288","targetHints":{"allow":["GET"]}}],"collection":[{"href":"https:\/\/eskigazeteci.com\/index.php?rest_route=\/wp\/v2\/posts"}],"about":[{"href":"https:\/\/eskigazeteci.com\/index.php?rest_route=\/wp\/v2\/types\/post"}],"author":[{"embeddable":true,"href":"https:\/\/eskigazeteci.com\/index.php?rest_route=\/wp\/v2\/users\/2"}],"replies":[{"embeddable":true,"href":"https:\/\/eskigazeteci.com\/index.php?rest_route=%2Fwp%2Fv2%2Fcomments&post=288"}],"version-history":[{"count":0,"href":"https:\/\/eskigazeteci.com\/index.php?rest_route=\/wp\/v2\/posts\/288\/revisions"}],"wp:featuredmedia":[{"embeddable":true,"href":"https:\/\/eskigazeteci.com\/index.php?rest_route=\/wp\/v2\/media\/287"}],"wp:attachment":[{"href":"https:\/\/eskigazeteci.com\/index.php?rest_route=%2Fwp%2Fv2%2Fmedia&parent=288"}],"wp:term":[{"taxonomy":"category","embeddable":true,"href":"https:\/\/eskigazeteci.com\/index.php?rest_route=%2Fwp%2Fv2%2Fcategories&post=288"},{"taxonomy":"post_tag","embeddable":true,"href":"https:\/\/eskigazeteci.com\/index.php?rest_route=%2Fwp%2Fv2%2Ftags&post=288"}],"curies":[{"name":"wp","href":"https:\/\/api.w.org\/{rel}","templated":true}]}}