{"id":28694,"date":"2026-04-25T06:22:33","date_gmt":"2026-04-25T06:22:33","guid":{"rendered":"https:\/\/eskigazeteci.com\/?p=28694"},"modified":"2026-04-25T06:22:33","modified_gmt":"2026-04-25T06:22:33","slug":"75-ilde-638-faili-mechul-dosya-incelemeye-alindi","status":"publish","type":"post","link":"https:\/\/eskigazeteci.com\/?p=28694","title":{"rendered":"75 ilde 638 faili me\u00e7hul dosya incelemeye al\u0131nd\u0131"},"content":{"rendered":"<p>Adalet Bakan\u0131 Ak\u0131n G\u00fcrlek sosyal medya hesab\u0131ndan yapt\u0131\u011f\u0131 a\u00e7\u0131klamada \u015fu ifadelere yer verdi;<\/p>\n<p>&quot;Ceza \u0130\u015fleri Genel M\u00fcd\u00fcrl\u00fc\u011f\u00fcm\u00fcz b\u00fcnyesinde kurdu\u011fumuz Faili Me\u00e7hul Su\u00e7lar\u0131 Ara\u015ft\u0131rma Daire Ba\u015fkanl\u0131\u011f\u0131m\u0131z ile kad\u0131n ve \u00e7ocuk cinayetleri ba\u015fta olmak \u00fczere toplum vicdan\u0131n\u0131 yaralayan t\u00fcm dosyalar\u0131 yeniden mercek alt\u0131na al\u0131yoruz.<\/p>\n<p>Bu \u00e7er\u00e7evede faili me\u00e7hul dosyalar\u0131n ayd\u0131nlat\u0131lmas\u0131na y\u00f6nelik kurumsal kapasitemizi en \u00fcst seviyeye \u00e7\u0131kard\u0131k. \u00dclke genelinde ger\u00e7ekle\u015ftirdi\u011fimiz taramalar neticesinde, 75 ildeki 638 dosya ve 693 maktule ili\u015fkin kapsaml\u0131 inceleme s\u00fcrecini ba\u015flatt\u0131k. Delile dayal\u0131, titiz analiz ve g\u00fc\u00e7l\u00fc koordinasyon ile cezas\u0131zl\u0131\u011fa ge\u00e7it vermeyece\u011fiz.<\/p>\n<p>Cumhurba\u015fkan\u0131m\u0131z Say\u0131n@RTErdogan\u2019\u0131n liderli\u011finde; T\u00fcrkiye Y\u00fczy\u0131l\u0131\u2019n\u0131 adaletin y\u00fczy\u0131l\u0131 k\u0131lmak, her bir dosyada hakikati ortaya \u00e7\u0131karmak ve milletimizin vicdan\u0131n\u0131 rahatlatmak i\u00e7in kararl\u0131l\u0131kla \u00e7al\u0131\u015f\u0131yoruz.<\/p>\n<p>Adaletin tecellisi i\u00e7in su\u00e7un ve su\u00e7lunun izini s\u00fcrmeye devam edece\u011fiz.&quot;<\/p>\n<p>Ayr\u0131nt\u0131lar Geliyor&#8230;<\/p>\n<p>T\u00fcrkiye g\u00fcndeminden son dakika haberleri, bug\u00fcn ya\u015fanan en son geli\u015fmeler, siyaset g\u00fcndeminden g\u00fcncel haberler ve b\u00fct\u00fcn son dakika haberleri i\u00e7in H\u00fcrriyet&#x27;in internet haber sitesi hurriyet.com.tr; Hurriyet.com.tr haber i\u00e7erikleri kaynak&#8230;<\/p>\n","protected":false},"excerpt":{"rendered":"<p>Adalet Bakanl\u0131\u011f\u0131 75 ilde 693 maktul\u00fcn ad\u0131n\u0131n ge\u00e7ti\u011fi 638 faili me\u00e7hul dosyay\u0131 yeniden incelemeye ald\u0131.<\/p>\n","protected":false},"author":2,"featured_media":28693,"comment_status":"open","ping_status":"open","sticky":false,"template":"","format":"standard","meta":{"footnotes":""},"categories":[6,5],"tags":[],"class_list":["post-28694","post","type-post","status-publish","format-standard","has-post-thumbnail","hentry","category-gundem","category-son-dakika"],"_links":{"self":[{"href":"https:\/\/eskigazeteci.com\/index.php?rest_route=\/wp\/v2\/posts\/28694","targetHints":{"allow":["GET"]}}],"collection":[{"href":"https:\/\/eskigazeteci.com\/index.php?rest_route=\/wp\/v2\/posts"}],"about":[{"href":"https:\/\/eskigazeteci.com\/index.php?rest_route=\/wp\/v2\/types\/post"}],"author":[{"embeddable":true,"href":"https:\/\/eskigazeteci.com\/index.php?rest_route=\/wp\/v2\/users\/2"}],"replies":[{"embeddable":true,"href":"https:\/\/eskigazeteci.com\/index.php?rest_route=%2Fwp%2Fv2%2Fcomments&post=28694"}],"version-history":[{"count":0,"href":"https:\/\/eskigazeteci.com\/index.php?rest_route=\/wp\/v2\/posts\/28694\/revisions"}],"wp:featuredmedia":[{"embeddable":true,"href":"https:\/\/eskigazeteci.com\/index.php?rest_route=\/wp\/v2\/media\/28693"}],"wp:attachment":[{"href":"https:\/\/eskigazeteci.com\/index.php?rest_route=%2Fwp%2Fv2%2Fmedia&parent=28694"}],"wp:term":[{"taxonomy":"category","embeddable":true,"href":"https:\/\/eskigazeteci.com\/index.php?rest_route=%2Fwp%2Fv2%2Fcategories&post=28694"},{"taxonomy":"post_tag","embeddable":true,"href":"https:\/\/eskigazeteci.com\/index.php?rest_route=%2Fwp%2Fv2%2Ftags&post=28694"}],"curies":[{"name":"wp","href":"https:\/\/api.w.org\/{rel}","templated":true}]}}