{"id":28678,"date":"2026-04-25T05:00:53","date_gmt":"2026-04-25T05:00:53","guid":{"rendered":"https:\/\/eskigazeteci.com\/?p=28678"},"modified":"2026-04-25T05:00:53","modified_gmt":"2026-04-25T05:00:53","slug":"pakistanin-ardindan-rota-umman-ve-rusya-irandan-diplomasi-turu","status":"publish","type":"post","link":"https:\/\/eskigazeteci.com\/?p=28678","title":{"rendered":"Pakistan\u2019\u0131n ard\u0131ndan rota Umman ve Rusya&#8230; \u0130ran\u2019dan diplomasi turu"},"content":{"rendered":"<p>A BD ile \u0130ran aras\u0131nda Pakistan\u2019\u0131n arabuluculu\u011funda yap\u0131lan ancak sonu\u00e7suz kalan m\u00fczakerelerin 2\u2019nci turu i\u00e7in diplomasi trafi\u011fi artt\u0131. Pakistan Ba\u015fbakan\u0131 \u015eahbaz \u015eerif ve Genelkurmay Ba\u015fkan\u0131 As\u0131m M\u00fcnir ile g\u00f6r\u00fc\u015fen \u0130ran D\u0131\u015fi\u015fleri Bakan\u0131 Abbas Arak\u00e7i\u2019nin d\u00fcn gece s\u00fcrpriz bir ziyaretle \u0130slamabad\u2019a giderken g\u00f6r\u00fc\u015fmelerde ABD heyetiyle bir temasta bulunulmayaca\u011f\u0131, sadece \u0130ranl\u0131 ve Pakistanl\u0131 yetkililer aras\u0131nda g\u00f6r\u00fc\u015fmelere dair bir toplant\u0131n\u0131n ger\u00e7ekle\u015ftirilece\u011fi belirtildi.<\/p>\n<p>MUSKAT VE MOSKOVA\u2019YA DA G\u0130DECEK<\/p>\n<p>Hafta ba\u015f\u0131nda \u0130ran\u2019\u0131n H\u00fcrm\u00fcz Bo\u011faz\u0131\u2019ndaki Amerikan ablukas\u0131n\u0131 sebep g\u00f6stererek kat\u0131lmayaca\u011f\u0131n\u0131 duyurmas\u0131 \u00fczerine ABD Ba\u015fkan Yard\u0131mc\u0131s\u0131 JD Vance\u2019in u\u00e7a\u011f\u0131 neredeyse yoldan d\u00f6nm\u00fc\u015f ve m\u00fczakereler ask\u0131da kalm\u0131\u015ft\u0131. ABD Ba\u015fkan\u0131 Donald Trump, \u0130ran\u2019dan somut bir teklif beklediklerini ifade ederek s\u00fcresiz ate\u015fkes ilan etmi\u015fti. \u0130ranl\u0131 bakan Arak\u00e7i\u2019nin \u0130slamabad\u2019daki temaslar\u0131n\u0131n ard\u0131ndan Umman\u2019\u0131n ba\u015fkenti Muskat ve Rusya\u2019n\u0131n ba\u015fkenti Moskova\u2019y\u0131 da ziyaret edece\u011fi aktar\u0131ld\u0131. Pakistan medyas\u0131 Rusya\u2019n\u0131n m\u00fczakerelerin t\u0131kan\u0131kl\u0131\u011f\u0131n\u0131 a\u015fmaya yard\u0131mc\u0131 olacak baz\u0131 yeni fikirleri oldu\u011funu, Tahran\u2019la yak\u0131n ba\u011flar\u0131 olan Umman\u2019\u0131n da mevcut krizden, m\u00fczakerelere geri d\u00f6nme konusunda bir \u00e7\u0131k\u0131\u015f yolu bulmada&#8230;<\/p>\n","protected":false},"excerpt":{"rendered":"<p>\u0130ran D\u0131\u015fi\u015fleri Bakan\u0131 Abbas Arak\u00e7i\u2019nin \u0130slamabad, Muskat ve Moskova\u2019y\u0131 kapsayan diplomasi turu, Washington ile Tahran aras\u0131nda t\u0131kanan m\u00fczakerelerin yeniden&#8230;<\/p>\n","protected":false},"author":2,"featured_media":28677,"comment_status":"open","ping_status":"open","sticky":false,"template":"","format":"standard","meta":{"footnotes":""},"categories":[8,6,5],"tags":[],"class_list":["post-28678","post","type-post","status-publish","format-standard","has-post-thumbnail","hentry","category-arsiv","category-gundem","category-son-dakika"],"_links":{"self":[{"href":"https:\/\/eskigazeteci.com\/index.php?rest_route=\/wp\/v2\/posts\/28678","targetHints":{"allow":["GET"]}}],"collection":[{"href":"https:\/\/eskigazeteci.com\/index.php?rest_route=\/wp\/v2\/posts"}],"about":[{"href":"https:\/\/eskigazeteci.com\/index.php?rest_route=\/wp\/v2\/types\/post"}],"author":[{"embeddable":true,"href":"https:\/\/eskigazeteci.com\/index.php?rest_route=\/wp\/v2\/users\/2"}],"replies":[{"embeddable":true,"href":"https:\/\/eskigazeteci.com\/index.php?rest_route=%2Fwp%2Fv2%2Fcomments&post=28678"}],"version-history":[{"count":0,"href":"https:\/\/eskigazeteci.com\/index.php?rest_route=\/wp\/v2\/posts\/28678\/revisions"}],"wp:featuredmedia":[{"embeddable":true,"href":"https:\/\/eskigazeteci.com\/index.php?rest_route=\/wp\/v2\/media\/28677"}],"wp:attachment":[{"href":"https:\/\/eskigazeteci.com\/index.php?rest_route=%2Fwp%2Fv2%2Fmedia&parent=28678"}],"wp:term":[{"taxonomy":"category","embeddable":true,"href":"https:\/\/eskigazeteci.com\/index.php?rest_route=%2Fwp%2Fv2%2Fcategories&post=28678"},{"taxonomy":"post_tag","embeddable":true,"href":"https:\/\/eskigazeteci.com\/index.php?rest_route=%2Fwp%2Fv2%2Ftags&post=28678"}],"curies":[{"name":"wp","href":"https:\/\/api.w.org\/{rel}","templated":true}]}}