{"id":28656,"date":"2026-04-25T04:44:34","date_gmt":"2026-04-25T04:44:34","guid":{"rendered":"https:\/\/eskigazeteci.com\/?p=28656"},"modified":"2026-04-25T04:44:34","modified_gmt":"2026-04-25T04:44:34","slug":"erivanda-turk-bayragini-yaktilar","status":"publish","type":"post","link":"https:\/\/eskigazeteci.com\/?p=28656","title":{"rendered":"Erivan&#8217;da T\u00fcrk bayra\u011f\u0131n\u0131 yakt\u0131lar&#8230;"},"content":{"rendered":"<p>Ermenistan&#x27;da 7 Haziran parlamento genel se\u00e7imleri yakla\u015f\u0131rken, Ba\u015fbakan Nikol Pa\u015finyan&#x27;\u0131 sand\u0131kta devirmeyi ama\u00e7layan a\u015f\u0131r\u0131 milliyet\u00e7i g\u00fc\u00e7ler T\u00fcrkiye&#8230;<\/p>\n","protected":false},"excerpt":{"rendered":"<p>Pa\u015finyan k\u0131nad\u0131<\/p>\n","protected":false},"author":2,"featured_media":28655,"comment_status":"open","ping_status":"open","sticky":false,"template":"","format":"standard","meta":{"footnotes":""},"categories":[8,6,5],"tags":[],"class_list":["post-28656","post","type-post","status-publish","format-standard","has-post-thumbnail","hentry","category-arsiv","category-gundem","category-son-dakika"],"_links":{"self":[{"href":"https:\/\/eskigazeteci.com\/index.php?rest_route=\/wp\/v2\/posts\/28656","targetHints":{"allow":["GET"]}}],"collection":[{"href":"https:\/\/eskigazeteci.com\/index.php?rest_route=\/wp\/v2\/posts"}],"about":[{"href":"https:\/\/eskigazeteci.com\/index.php?rest_route=\/wp\/v2\/types\/post"}],"author":[{"embeddable":true,"href":"https:\/\/eskigazeteci.com\/index.php?rest_route=\/wp\/v2\/users\/2"}],"replies":[{"embeddable":true,"href":"https:\/\/eskigazeteci.com\/index.php?rest_route=%2Fwp%2Fv2%2Fcomments&post=28656"}],"version-history":[{"count":0,"href":"https:\/\/eskigazeteci.com\/index.php?rest_route=\/wp\/v2\/posts\/28656\/revisions"}],"wp:featuredmedia":[{"embeddable":true,"href":"https:\/\/eskigazeteci.com\/index.php?rest_route=\/wp\/v2\/media\/28655"}],"wp:attachment":[{"href":"https:\/\/eskigazeteci.com\/index.php?rest_route=%2Fwp%2Fv2%2Fmedia&parent=28656"}],"wp:term":[{"taxonomy":"category","embeddable":true,"href":"https:\/\/eskigazeteci.com\/index.php?rest_route=%2Fwp%2Fv2%2Fcategories&post=28656"},{"taxonomy":"post_tag","embeddable":true,"href":"https:\/\/eskigazeteci.com\/index.php?rest_route=%2Fwp%2Fv2%2Ftags&post=28656"}],"curies":[{"name":"wp","href":"https:\/\/api.w.org\/{rel}","templated":true}]}}