{"id":28654,"date":"2026-04-25T04:43:06","date_gmt":"2026-04-25T04:43:06","guid":{"rendered":"https:\/\/eskigazeteci.com\/?p=28654"},"modified":"2026-04-25T04:43:06","modified_gmt":"2026-04-25T04:43:06","slug":"pentagondan-natoya-bedel-odetme-plani","status":"publish","type":"post","link":"https:\/\/eskigazeteci.com\/?p=28654","title":{"rendered":"Pentagon\u2019dan NATO\u2019ya bedel \u00f6detme plan\u0131"},"content":{"rendered":"<p>A BD Ba\u015fkan\u0131 Donald Trump, Tahran taraf\u0131ndan k\u00fcresel deniz ta\u015f\u0131mac\u0131l\u0131\u011f\u0131na fiilen kapat\u0131lan H\u00fcrm\u00fcz Bo\u011faz\u0131\u2019n\u0131n a\u00e7\u0131lmas\u0131na yard\u0131m etmek amac\u0131yla donanmalar\u0131n\u0131 b\u00f6lgeye g\u00f6nderme \u00e7a\u011fr\u0131s\u0131 yapt\u0131\u011f\u0131 ancak bir t\u00fcrl\u00fc deste\u011fini alamad\u0131\u011f\u0131 NATO m\u00fcttefiklerine bedel \u00f6detmeye kararl\u0131. ABD merkezli Politico\u2019nun haberine g\u00f6re Washington y\u00f6netimi, Trump\u2019\u0131n \u2018k\u00e2\u011f\u0131ttan kaplan\u2019 olarak nitelendirdi\u011fi NATO m\u00fcttefiklerini \u0130ran \u2019a y\u00f6nelik operasyonlara verdikleri deste\u011fe g\u00f6re s\u0131ralayan bir \u2018uslular ve yaramazlar listesi\u2019 olu\u015fturdu. Listede NATO \u00fcyeleri \u2018sadakat\u2019 ve \u2018savunma harcamalar\u0131\u2019 \u00fczerinden s\u0131n\u0131fland\u0131r\u0131ld\u0131.<\/p>\n<p>YARAMAZDAN ALIP USLUYA VERECEK<\/p>\n<p>Trump y\u00f6netiminin bu listeye dayanarak nas\u0131l bir yol izleyece\u011fi ise hen\u00fcz netle\u015fmi\u015f de\u011fil ancak iki Avrupal\u0131 yetkili, \u2018yaramaz\u2019 \u00fclkelere y\u00f6nelik askerlerin \u00e7ekilmesi, ortak tatbikatlar\u0131n ask\u0131ya al\u0131nmas\u0131 ya da silah sat\u0131\u015flar\u0131n\u0131n k\u0131s\u0131tlanmas\u0131 gibi ad\u0131mlar\u0131n g\u00fcndeme gelebilece\u011fini \u00f6ne s\u00fcrd\u00fc. Yetkililer, bu imk\u00e2nlar\u0131n \u2018uslu\u2019 m\u00fcttefiklere kayd\u0131r\u0131labilece\u011fini savundu. Haberde, \u00f6zellikle Polonya ve Romanya gibi \u00fclkelerin ABD ile yak\u0131n ili\u015fkileri nedeniyle bu s\u00fcre\u00e7ten kazan\u00e7l\u0131 \u00e7\u0131kabilece\u011fi belirtildi.<\/p>\n<p>\u0130SPANYA VE \u0130NG\u0130LTERE HEDEFTE<\/p>\n<p>ABD Savunma Bakanl\u0131\u011f\u0131\u2019ndan (Pentagon) s\u0131zan&#8230;<\/p>\n","protected":false},"excerpt":{"rendered":"<p>ABD Savunma Bakanl\u0131\u011f\u0131, \u0130ran sava\u015f\u0131 s\u0131ras\u0131nda yan\u0131nda durmayan NATO m\u00fcttefikleri i\u00e7in d\u00fc\u011fmeye bast\u0131. \u0130ddiaya g\u00f6re \u201cyaramazlar ve uslular\u201d listesi olu\u015fturan&#8230;<\/p>\n","protected":false},"author":2,"featured_media":28653,"comment_status":"open","ping_status":"open","sticky":false,"template":"","format":"standard","meta":{"footnotes":""},"categories":[8,6,5],"tags":[],"class_list":["post-28654","post","type-post","status-publish","format-standard","has-post-thumbnail","hentry","category-arsiv","category-gundem","category-son-dakika"],"_links":{"self":[{"href":"https:\/\/eskigazeteci.com\/index.php?rest_route=\/wp\/v2\/posts\/28654","targetHints":{"allow":["GET"]}}],"collection":[{"href":"https:\/\/eskigazeteci.com\/index.php?rest_route=\/wp\/v2\/posts"}],"about":[{"href":"https:\/\/eskigazeteci.com\/index.php?rest_route=\/wp\/v2\/types\/post"}],"author":[{"embeddable":true,"href":"https:\/\/eskigazeteci.com\/index.php?rest_route=\/wp\/v2\/users\/2"}],"replies":[{"embeddable":true,"href":"https:\/\/eskigazeteci.com\/index.php?rest_route=%2Fwp%2Fv2%2Fcomments&post=28654"}],"version-history":[{"count":0,"href":"https:\/\/eskigazeteci.com\/index.php?rest_route=\/wp\/v2\/posts\/28654\/revisions"}],"wp:featuredmedia":[{"embeddable":true,"href":"https:\/\/eskigazeteci.com\/index.php?rest_route=\/wp\/v2\/media\/28653"}],"wp:attachment":[{"href":"https:\/\/eskigazeteci.com\/index.php?rest_route=%2Fwp%2Fv2%2Fmedia&parent=28654"}],"wp:term":[{"taxonomy":"category","embeddable":true,"href":"https:\/\/eskigazeteci.com\/index.php?rest_route=%2Fwp%2Fv2%2Fcategories&post=28654"},{"taxonomy":"post_tag","embeddable":true,"href":"https:\/\/eskigazeteci.com\/index.php?rest_route=%2Fwp%2Fv2%2Ftags&post=28654"}],"curies":[{"name":"wp","href":"https:\/\/api.w.org\/{rel}","templated":true}]}}