{"id":28652,"date":"2026-04-25T04:41:30","date_gmt":"2026-04-25T04:41:30","guid":{"rendered":"https:\/\/eskigazeteci.com\/?p=28652"},"modified":"2026-04-25T04:41:30","modified_gmt":"2026-04-25T04:41:30","slug":"abdden-putine-g20-daveti","status":"publish","type":"post","link":"https:\/\/eskigazeteci.com\/?p=28652","title":{"rendered":"ABD\u2019den Putin\u2019e G20 daveti"},"content":{"rendered":"<p>Washington Post\u2019un haberinde Rusya \u2019n\u0131n G20 \u00fcyesi olmas\u0131 nedeniyle hem bakanlar hem de liderler d\u00fczeyindeki toplant\u0131ya davet edilece\u011fi ifade edildi. \u00d6te yandan ABD Ba\u015fkan\u0131 Donald Trump ise \u00f6nceki g\u00fcn Oval Ofis\u2019te yapt\u0131\u011f\u0131 de\u011ferlendirmede Putin\u2019e davet g\u00f6nderildi\u011finden haberi olmad\u0131\u011f\u0131n\u0131 belirterek \u201cGelirse muhtemelen \u00e7ok faydal\u0131 olur. Herkesle konu\u015fulmas\u0131 gerekti\u011fi g\u00f6r\u00fc\u015f\u00fcndeyim\u201d diye konu\u015ftu.<\/p>\n<p>KREML\u0130N\u2019DEN \u2018BEL\u0130RS\u0130Z\u2019 YANIT<\/p>\n<p>Kremlin s\u00f6zc\u00fcs\u00fc Dmitri Peskov, \u201cBa\u015fkan Putin, G20 \u00fcyesi olarak Miami\u2019ye gidebilir ya da gitmeyebilir. Veya ba\u015fka bir Rus temsilci de gidebilir\u201d dedi. 2019 y\u0131l\u0131nda Japonya\u2019n\u0131n ev sahipli\u011finde d\u00fczenlenen Osaka Zirvesi, Putin\u2019in G20 platformunda di\u011fer liderlerle fiziksel olarak bir araya geldi\u011fi son toplant\u0131 olmu\u015ftu. Putin, 2020\u2019de pandemi nedeniyle sanal olarak ger\u00e7ekle\u015ftirilen G20 Riyad Zirvesi\u2019ne de kat\u0131lm\u0131\u015f ve konu\u015fma yapm\u0131\u015ft\u0131.<\/p>\n<p>Yurtd\u0131\u015f\u0131nda ya\u015fanan en son olaylar, d\u00fcnya g\u00fcndemine oturan d\u0131\u015f haberler, son dakika d\u00fcnya haberleri, di\u011fer d\u00fcnya \u00fclkelerinden g\u00fcncel haberler i\u00e7in T\u00fcrkiye&#x27;nin haber sitesi hurriyet.com.tr; Hurriyet.com.tr haber i\u00e7erikleri kaynak g\u00f6sterilmeden al\u0131nt\u0131 yap\u0131lamaz, Kanuna ayk\u0131r\u0131 ve izinsiz olarak kopyalanamaz, ba\u015fka yerde yay\u0131nlanamaz.<\/p>\n","protected":false},"excerpt":{"rendered":"<p>ABD, Rusya Devlet Ba\u015fkan\u0131 Vladimir Putin\u2019i 14\u201315 Aral\u0131k tarihlerinde Miami\u2019de yap\u0131lacak G20 Zirvesi\u2019ne davet etmeyi planl\u0131yor.<\/p>\n","protected":false},"author":2,"featured_media":28651,"comment_status":"open","ping_status":"open","sticky":false,"template":"","format":"standard","meta":{"footnotes":""},"categories":[8,6,5],"tags":[],"class_list":["post-28652","post","type-post","status-publish","format-standard","has-post-thumbnail","hentry","category-arsiv","category-gundem","category-son-dakika"],"_links":{"self":[{"href":"https:\/\/eskigazeteci.com\/index.php?rest_route=\/wp\/v2\/posts\/28652","targetHints":{"allow":["GET"]}}],"collection":[{"href":"https:\/\/eskigazeteci.com\/index.php?rest_route=\/wp\/v2\/posts"}],"about":[{"href":"https:\/\/eskigazeteci.com\/index.php?rest_route=\/wp\/v2\/types\/post"}],"author":[{"embeddable":true,"href":"https:\/\/eskigazeteci.com\/index.php?rest_route=\/wp\/v2\/users\/2"}],"replies":[{"embeddable":true,"href":"https:\/\/eskigazeteci.com\/index.php?rest_route=%2Fwp%2Fv2%2Fcomments&post=28652"}],"version-history":[{"count":0,"href":"https:\/\/eskigazeteci.com\/index.php?rest_route=\/wp\/v2\/posts\/28652\/revisions"}],"wp:featuredmedia":[{"embeddable":true,"href":"https:\/\/eskigazeteci.com\/index.php?rest_route=\/wp\/v2\/media\/28651"}],"wp:attachment":[{"href":"https:\/\/eskigazeteci.com\/index.php?rest_route=%2Fwp%2Fv2%2Fmedia&parent=28652"}],"wp:term":[{"taxonomy":"category","embeddable":true,"href":"https:\/\/eskigazeteci.com\/index.php?rest_route=%2Fwp%2Fv2%2Fcategories&post=28652"},{"taxonomy":"post_tag","embeddable":true,"href":"https:\/\/eskigazeteci.com\/index.php?rest_route=%2Fwp%2Fv2%2Ftags&post=28652"}],"curies":[{"name":"wp","href":"https:\/\/api.w.org\/{rel}","templated":true}]}}