{"id":28644,"date":"2026-04-25T04:36:22","date_gmt":"2026-04-25T04:36:22","guid":{"rendered":"https:\/\/eskigazeteci.com\/?p=28644"},"modified":"2026-04-25T04:36:22","modified_gmt":"2026-04-25T04:36:22","slug":"teslanin-robotaksisi-yollarda","status":"publish","type":"post","link":"https:\/\/eskigazeteci.com\/?p=28644","title":{"rendered":"Tesla\u2019n\u0131n \u2018robotaksi\u2019si yollarda"},"content":{"rendered":"<p>Payla\u015f\u0131lan g\u00f6r\u00fcnt\u00fclerde, direksiyon ve pedal bulunmayan arac\u0131n fabrikadan \u00e7\u0131k\u0131p do\u011frudan halka a\u00e7\u0131k yollara girdi\u011fi g\u00f6r\u00fcld\u00fc. Tamamen otonom \u00e7al\u0131\u015facak \u015fekilde geli\u015ftirilen Cybercab, ilk olarak 2024 sonbahar\u0131nda tan\u0131t\u0131lm\u0131\u015ft\u0131. Tesla, bu ara\u00e7la \u015fehir i\u00e7i ula\u015f\u0131mda s\u00fcr\u00fcc\u00fcs\u00fcz d\u00f6nemi ba\u015flatmay\u0131 hedefliyor. \u015eirket, ge\u00e7en y\u0131l ABD\u2019nin Austin kentinde s\u0131n\u0131rl\u0131 kullan\u0131c\u0131larla robotaksi hizmetini test etmeye de ba\u015flam\u0131\u015ft\u0131.<\/p>\n<p>SINIRA TAKILMAYACAK<\/p>\n<p>ABD\u2019de trafik g\u00fcvenli\u011finden sorumlu kurum olan Ulusal Karayolu Trafik G\u00fcvenli\u011fi \u0130daresi (NHTSA), normalde standart d\u0131\u015f\u0131 otonom ara\u00e7lar i\u00e7in y\u0131ll\u0131k 2 bin 500 adetlik \u00fcretim s\u0131n\u0131r\u0131 uyguluyor. Ancak Tesla, Cybercab\u2019i t\u00fcm Federal Motorlu Ta\u015f\u0131t G\u00fcvenlik Standartlar\u0131\u2019na (FMVSS) uygun \u015fekilde tasarlad\u0131\u011f\u0131 i\u00e7in bu s\u0131n\u0131rlamaya tabi olmayacak. Bu da \u015firketin \u00fcretimi h\u0131zla art\u0131rmas\u0131n\u0131n \u00f6n\u00fcn\u00fc a\u00e7abilir. ABD\u2019de halen g\u00f6r\u00fc\u015f\u00fclen ve bu s\u0131n\u0131r\u0131 90 bin adede \u00e7\u0131karmay\u0131 hedefleyen yeni yasa tasar\u0131s\u0131 ise Cybercab i\u00e7in kritik olmaktan \u00e7\u0131kabilir.<\/p>\n<p>\u00dcRET\u0130M YAVA\u015e BA\u015eLAYACAK<\/p>\n<p>Tesla, \u00fcretimin ba\u015flad\u0131\u011f\u0131n\u0131 do\u011frulasa da ilk etapta d\u00fc\u015f\u00fck adetler planlan\u0131yor. Elon Musk , yeni bir model ve tedarik zinciri kuruldu\u011fu i\u00e7in \u00fcretimin \u201cS e\u011frisi\u201d \u015feklinde ilerleyece\u011fini belirterek, ba\u015flang\u0131\u00e7ta&#8230;<\/p>\n","protected":false},"excerpt":{"rendered":"<p>Tesla, uzun s\u00fcredir g\u00fcndemde olan s\u00fcr\u00fcc\u00fcs\u00fcz robotaksi projesinde \u00fcretim a\u015famas\u0131na ge\u00e7ti. \u015eirketin CEO\u2019su Elon Musk, X platformunda yapt\u0131\u011f\u0131 a\u00e7\u0131klamada&#8230;<\/p>\n","protected":false},"author":2,"featured_media":28643,"comment_status":"open","ping_status":"open","sticky":false,"template":"","format":"standard","meta":{"footnotes":""},"categories":[8,6,5],"tags":[],"class_list":["post-28644","post","type-post","status-publish","format-standard","has-post-thumbnail","hentry","category-arsiv","category-gundem","category-son-dakika"],"_links":{"self":[{"href":"https:\/\/eskigazeteci.com\/index.php?rest_route=\/wp\/v2\/posts\/28644","targetHints":{"allow":["GET"]}}],"collection":[{"href":"https:\/\/eskigazeteci.com\/index.php?rest_route=\/wp\/v2\/posts"}],"about":[{"href":"https:\/\/eskigazeteci.com\/index.php?rest_route=\/wp\/v2\/types\/post"}],"author":[{"embeddable":true,"href":"https:\/\/eskigazeteci.com\/index.php?rest_route=\/wp\/v2\/users\/2"}],"replies":[{"embeddable":true,"href":"https:\/\/eskigazeteci.com\/index.php?rest_route=%2Fwp%2Fv2%2Fcomments&post=28644"}],"version-history":[{"count":0,"href":"https:\/\/eskigazeteci.com\/index.php?rest_route=\/wp\/v2\/posts\/28644\/revisions"}],"wp:featuredmedia":[{"embeddable":true,"href":"https:\/\/eskigazeteci.com\/index.php?rest_route=\/wp\/v2\/media\/28643"}],"wp:attachment":[{"href":"https:\/\/eskigazeteci.com\/index.php?rest_route=%2Fwp%2Fv2%2Fmedia&parent=28644"}],"wp:term":[{"taxonomy":"category","embeddable":true,"href":"https:\/\/eskigazeteci.com\/index.php?rest_route=%2Fwp%2Fv2%2Fcategories&post=28644"},{"taxonomy":"post_tag","embeddable":true,"href":"https:\/\/eskigazeteci.com\/index.php?rest_route=%2Fwp%2Fv2%2Ftags&post=28644"}],"curies":[{"name":"wp","href":"https:\/\/api.w.org\/{rel}","templated":true}]}}