{"id":28640,"date":"2026-04-25T04:33:19","date_gmt":"2026-04-25T04:33:19","guid":{"rendered":"https:\/\/eskigazeteci.com\/?p=28640"},"modified":"2026-04-25T04:33:19","modified_gmt":"2026-04-25T04:33:19","slug":"guven-endeksi-hizmeti-nisan-ayina-ayrildi","status":"publish","type":"post","link":"https:\/\/eskigazeteci.com\/?p=28640","title":{"rendered":"G\u00fcven Endeksi Hizmeti Nisan Ay\u0131na Ayr\u0131ld\u0131"},"content":{"rendered":"<p>T\u00dc\u0130K, nisan ay\u0131n\u0131n hizmet verenlerinden al\u6765\u7684 perakende ticaret ve in\u015faat g\u00fcven endekslerine sahiptir. Bu durumun T\u00fcrkiye ekonomisindeki gelecekteki geli\u015fmeleri de\u011ferlendirmesine yard\u0131mc\u0131 olmay\u0131 ama\u00e7lam\u0131\u015ft\u0131r.<\/p>\n","protected":false},"excerpt":{"rendered":"<p>T\u00fcrkiye \u0130statistik Kurumu (T\u00dc\u0130K), nisan ay\u0131na ili\u015fkin hizmet, perakende ticaret ve in\u015faat g\u00fcven endekslerini a\u00e7\u0131klad\u0131.<\/p>\n","protected":false},"author":2,"featured_media":28639,"comment_status":"open","ping_status":"open","sticky":false,"template":"","format":"standard","meta":{"footnotes":""},"categories":[8,6,5],"tags":[],"class_list":["post-28640","post","type-post","status-publish","format-standard","has-post-thumbnail","hentry","category-arsiv","category-gundem","category-son-dakika"],"_links":{"self":[{"href":"https:\/\/eskigazeteci.com\/index.php?rest_route=\/wp\/v2\/posts\/28640","targetHints":{"allow":["GET"]}}],"collection":[{"href":"https:\/\/eskigazeteci.com\/index.php?rest_route=\/wp\/v2\/posts"}],"about":[{"href":"https:\/\/eskigazeteci.com\/index.php?rest_route=\/wp\/v2\/types\/post"}],"author":[{"embeddable":true,"href":"https:\/\/eskigazeteci.com\/index.php?rest_route=\/wp\/v2\/users\/2"}],"replies":[{"embeddable":true,"href":"https:\/\/eskigazeteci.com\/index.php?rest_route=%2Fwp%2Fv2%2Fcomments&post=28640"}],"version-history":[{"count":0,"href":"https:\/\/eskigazeteci.com\/index.php?rest_route=\/wp\/v2\/posts\/28640\/revisions"}],"wp:featuredmedia":[{"embeddable":true,"href":"https:\/\/eskigazeteci.com\/index.php?rest_route=\/wp\/v2\/media\/28639"}],"wp:attachment":[{"href":"https:\/\/eskigazeteci.com\/index.php?rest_route=%2Fwp%2Fv2%2Fmedia&parent=28640"}],"wp:term":[{"taxonomy":"category","embeddable":true,"href":"https:\/\/eskigazeteci.com\/index.php?rest_route=%2Fwp%2Fv2%2Fcategories&post=28640"},{"taxonomy":"post_tag","embeddable":true,"href":"https:\/\/eskigazeteci.com\/index.php?rest_route=%2Fwp%2Fv2%2Ftags&post=28640"}],"curies":[{"name":"wp","href":"https:\/\/api.w.org\/{rel}","templated":true}]}}