{"id":28636,"date":"2026-04-25T04:31:04","date_gmt":"2026-04-25T04:31:04","guid":{"rendered":"https:\/\/eskigazeteci.com\/?p=28636"},"modified":"2026-04-25T04:31:04","modified_gmt":"2026-04-25T04:31:04","slug":"besiktas-kupayi-alarak-cifte-kazanc-hedefliyor","status":"publish","type":"post","link":"https:\/\/eskigazeteci.com\/?p=28636","title":{"rendered":"Be\u015fikta\u015f kupay\u0131 alarak \u00e7ifte kazan\u00e7 hedefliyor!"},"content":{"rendered":"<p>Ligde umdu\u011funu bulamayan ve sezonu b\u00fcy\u00fck ihtimalle 4. s\u0131rada bitirecek olan Be\u015fikta\u015f , yar\u0131 finale kald\u0131\u011f\u0131 Ziraat T\u00fcrkiye Kupas\u0131 \u2019n\u0131 m\u00fczesine g\u00f6t\u00fcrerek \u00e7ifte kazan\u00e7 elde etmeyi hedefliyor.<\/p>\n<p>Ligde \u015fu andaki konumuyla seneye Avrupa Ligi\u2019ne 2. \u00f6n eleme turundan kat\u0131lacak olan Be\u015fikta\u015f kupay\u0131 al\u0131rsa play-off turundan start verecek.<\/p>\n<p>B\u00f6ylece hem sezonu eli bo\u015f tamamlamayacak olan siyah beyazl\u0131lar hem de gelecek sezonu erken a\u00e7mayarak daha iyi haz\u0131rlanma imkan\u0131 bulacak ve play-off\u2019ta elense bile Konferans Ligi\u2019ne kal\u0131p Avrupa\u2019ya veda etmeyecek.<\/p>\n<p>T\u00fcrkiye&#x27;den ve D\u00fcnya\u2019dan son dakika haberleri, k\u00f6\u015fe yaz\u0131lar\u0131, magazinden siyasete, spordan seyahate b\u00fct\u00fcn konular\u0131n tek adresi Hurriyet.com.tr haber i\u00e7erikleri izin al\u0131nmadan, kaynak g\u00f6sterilerek dahi iktibas edilemez. Kanuna ayk\u0131r\u0131 ve izinsiz olarak kopyalanamaz, ba\u015fka yerde yay\u0131nlanamaz.<\/p>\n","protected":false},"excerpt":{"rendered":"<p>S\u00fcper Lig&#8217;de \u015fampiyonluk yar\u0131\u015f\u0131ndan uzak kalan Be\u015fikta\u015f, Ziraat T\u00fcrkiye Kupas\u0131&#8217;n\u0131 m\u00fczesine g\u00f6t\u00fcrmeyi hedefliyor.<\/p>\n","protected":false},"author":2,"featured_media":28635,"comment_status":"open","ping_status":"open","sticky":false,"template":"","format":"standard","meta":{"footnotes":""},"categories":[8,5,7],"tags":[],"class_list":["post-28636","post","type-post","status-publish","format-standard","has-post-thumbnail","hentry","category-arsiv","category-son-dakika","category-spor"],"_links":{"self":[{"href":"https:\/\/eskigazeteci.com\/index.php?rest_route=\/wp\/v2\/posts\/28636","targetHints":{"allow":["GET"]}}],"collection":[{"href":"https:\/\/eskigazeteci.com\/index.php?rest_route=\/wp\/v2\/posts"}],"about":[{"href":"https:\/\/eskigazeteci.com\/index.php?rest_route=\/wp\/v2\/types\/post"}],"author":[{"embeddable":true,"href":"https:\/\/eskigazeteci.com\/index.php?rest_route=\/wp\/v2\/users\/2"}],"replies":[{"embeddable":true,"href":"https:\/\/eskigazeteci.com\/index.php?rest_route=%2Fwp%2Fv2%2Fcomments&post=28636"}],"version-history":[{"count":0,"href":"https:\/\/eskigazeteci.com\/index.php?rest_route=\/wp\/v2\/posts\/28636\/revisions"}],"wp:featuredmedia":[{"embeddable":true,"href":"https:\/\/eskigazeteci.com\/index.php?rest_route=\/wp\/v2\/media\/28635"}],"wp:attachment":[{"href":"https:\/\/eskigazeteci.com\/index.php?rest_route=%2Fwp%2Fv2%2Fmedia&parent=28636"}],"wp:term":[{"taxonomy":"category","embeddable":true,"href":"https:\/\/eskigazeteci.com\/index.php?rest_route=%2Fwp%2Fv2%2Fcategories&post=28636"},{"taxonomy":"post_tag","embeddable":true,"href":"https:\/\/eskigazeteci.com\/index.php?rest_route=%2Fwp%2Fv2%2Ftags&post=28636"}],"curies":[{"name":"wp","href":"https:\/\/api.w.org\/{rel}","templated":true}]}}