{"id":28598,"date":"2026-04-25T04:05:08","date_gmt":"2026-04-25T04:05:08","guid":{"rendered":"https:\/\/eskigazeteci.com\/?p=28598"},"modified":"2026-04-25T04:05:08","modified_gmt":"2026-04-25T04:05:08","slug":"futbolcu-cinayetinde-muebbet-hapis-istendi","status":"publish","type":"post","link":"https:\/\/eskigazeteci.com\/?p=28598","title":{"rendered":"Futbolcu cinayetinde m\u00fcebbet hapis istendi"},"content":{"rendered":"<p>Kubilay Kundak\u00e7\u0131, Vahap Canbay ve arkada\u015flar\u0131yla birlikte, Aleyna Kalayc\u0131o\u011flu\u2019nun bulundu\u011fu st\u00fcdyonun \u00f6n\u00fcne gitti. Grup ara\u00e7 i\u00e7erisinde bekledi\u011fi s\u0131rada, iddiaya g\u00f6re olay yerine \u00e7akarl\u0131 l\u00fcks ara\u00e7larla gelen Alaattin Kaday\u0131f\u00e7\u0131o\u011flu, silahla sald\u0131r\u0131 ger\u00e7ekle\u015ftirdi. Olayda Kubilay Kundak\u00e7\u0131 hayat\u0131n\u0131 kaybetti.<\/p>\n<p>7 \u015e\u00dcPHEL\u0130 TUTUKLANDI<\/p>\n<p>\u015e\u00fcphelilerden Aleyna Kalayc\u0131o\u011flu, \u0130zzet Y\u0131ld\u0131zhan, Alaattin Kaday\u0131f\u00e7\u0131o\u011flu, Mustafa Rece, H\u00fcseyin Can Avc\u0131, Metin Kaday\u0131f\u00e7\u0131o\u011flu ve Engin Ta\u015fk\u0131ran tutukland\u0131.<\/p>\n<p>Futbolcu Kubilay Kaan Kundak\u00e7\u0131 cinayetine ili\u015fkin soru\u015fturma tamamland\u0131. \u0130ddianamede, tutuklulardan Alaattin Kaday\u0131f\u00e7\u0131o\u011flu i\u00e7in &#x27;kasten \u00f6ld\u00fcrme&#x27; ve &#x27;ruhsats\u0131z silah bulundurma&#x27; su\u00e7lar\u0131ndan m\u00fcebbet hapis cezas\u0131 talep edilirken, Aleyna Kalayc\u0131o\u011flu hakk\u0131nda ise &#x27;kasten adam \u00f6ld\u00fcrmeye azmettirme&#x27; su\u00e7undan m\u00fcebbet hapis cezas\u0131 istendi.<\/p>\n<p>\u00d6te yandan t\u00fcrk\u00fcc\u00fc \u0130zzet Y\u0131ld\u0131zhan&#x27;\u0131n ise &#x27;su\u00e7luyu kay\u0131rma&#x27; su\u00e7undan 6 aydan 5 y\u0131la kadar hapis talep edildi.<\/p>\n<p>T\u00fcrkiye g\u00fcndeminden son dakika haberleri, bug\u00fcn ya\u015fanan en son geli\u015fmeler, siyaset g\u00fcndeminden g\u00fcncel haberler ve b\u00fct\u00fcn son dakika haberleri i\u00e7in H\u00fcrriyet&#x27;in internet haber sitesi hurriyet.com.tr; Hurriyet.com.tr haber i\u00e7erikleri kaynak g\u00f6sterilmeden al\u0131nt\u0131&#8230;<\/p>\n","protected":false},"excerpt":{"rendered":"<p>\u0130STANBUL \u00dcmraniye\u2019de 19 Mart gecesi rap\u00e7i Vahap Canbay, bir s\u00fcre \u00f6nce ayr\u0131ld\u0131\u011f\u0131 \u015fark\u0131c\u0131 Aleyna Kalayc\u0131o\u011flu ile yeniden bar\u0131\u015fmak istedi. Canbay, aralar\u0131 iyi&#8230;<\/p>\n","protected":false},"author":2,"featured_media":28597,"comment_status":"open","ping_status":"open","sticky":false,"template":"","format":"standard","meta":{"footnotes":""},"categories":[8,6,5],"tags":[],"class_list":["post-28598","post","type-post","status-publish","format-standard","has-post-thumbnail","hentry","category-arsiv","category-gundem","category-son-dakika"],"_links":{"self":[{"href":"https:\/\/eskigazeteci.com\/index.php?rest_route=\/wp\/v2\/posts\/28598","targetHints":{"allow":["GET"]}}],"collection":[{"href":"https:\/\/eskigazeteci.com\/index.php?rest_route=\/wp\/v2\/posts"}],"about":[{"href":"https:\/\/eskigazeteci.com\/index.php?rest_route=\/wp\/v2\/types\/post"}],"author":[{"embeddable":true,"href":"https:\/\/eskigazeteci.com\/index.php?rest_route=\/wp\/v2\/users\/2"}],"replies":[{"embeddable":true,"href":"https:\/\/eskigazeteci.com\/index.php?rest_route=%2Fwp%2Fv2%2Fcomments&post=28598"}],"version-history":[{"count":0,"href":"https:\/\/eskigazeteci.com\/index.php?rest_route=\/wp\/v2\/posts\/28598\/revisions"}],"wp:featuredmedia":[{"embeddable":true,"href":"https:\/\/eskigazeteci.com\/index.php?rest_route=\/wp\/v2\/media\/28597"}],"wp:attachment":[{"href":"https:\/\/eskigazeteci.com\/index.php?rest_route=%2Fwp%2Fv2%2Fmedia&parent=28598"}],"wp:term":[{"taxonomy":"category","embeddable":true,"href":"https:\/\/eskigazeteci.com\/index.php?rest_route=%2Fwp%2Fv2%2Fcategories&post=28598"},{"taxonomy":"post_tag","embeddable":true,"href":"https:\/\/eskigazeteci.com\/index.php?rest_route=%2Fwp%2Fv2%2Ftags&post=28598"}],"curies":[{"name":"wp","href":"https:\/\/api.w.org\/{rel}","templated":true}]}}