{"id":28596,"date":"2026-04-25T04:03:37","date_gmt":"2026-04-25T04:03:37","guid":{"rendered":"https:\/\/eskigazeteci.com\/?p=28596"},"modified":"2026-04-25T04:03:37","modified_gmt":"2026-04-25T04:03:37","slug":"esinin-altinlariyla-sevgiliye-dugun","status":"publish","type":"post","link":"https:\/\/eskigazeteci.com\/?p=28596","title":{"rendered":"E\u015finin alt\u0131nlar\u0131yla sevgiliye d\u00fc\u011f\u00fcn"},"content":{"rendered":"<p>BURSA G\u00fcrsu \u2019da ya\u015fayan ve 2017 y\u0131l\u0131nda g\u00f6r\u00fcc\u00fc usul\u00fc ile evlenen Meltem \u00c7. (33) ve \u0130sa \u00c7.\u2019nin (30) evliliklerinden 2 \u00e7ocu\u011fu d\u00fcnyaya geldi. \u0130sa \u00c7., 2022 y\u0131l\u0131nda \u015fiddetli ge\u00e7imsizlik gerek\u00e7esiyle bo\u015fanma davas\u0131 a\u00e7t\u0131. Ayr\u0131 ya\u015famaya ba\u015flayan \u00e7ift, nafaka konusunda anla\u015famay\u0131nca bo\u015fanamad\u0131.<\/p>\n<p>\u00d6L\u00dcM TEHD\u0130D\u0130 \u0130DD\u0130ASI<\/p>\n<p>Bu s\u00fcre\u00e7te Meltem \u00c7., iddiaya g\u00f6re, halen resmi nik\u00e2hl\u0131 e\u015fi olan \u0130sa \u00c7.&#x27;nin, B.K. (27) isimli sevgilisi ile birlikte ya\u015fad\u0131\u011f\u0131n\u0131 ve d\u00fc\u011f\u00fcnde kendisine tak\u0131lan alt\u0131n bilezik ve \u00e7eyrek alt\u0131nlar\u0131 bozdurup, salon tutarak 2025\u2019in Kas\u0131m ay\u0131nda d\u00fc\u011f\u00fcn yapt\u0131\u011f\u0131n\u0131 \u00f6\u011frendi. Meltem \u00c7. bunun \u00fczerine hem e\u015finden hem de bu birlikteli\u011fe kar\u015f\u0131 \u00e7\u0131kt\u0131\u011f\u0131 i\u00e7in kendisini \u00f6l\u00fcmle tehdit etti\u011fini \u00f6ne s\u00fcrd\u00fc\u011f\u00fc \u0130sa \u00c7.&#x27;nin amcas\u0131 \u015e. \u00c7.&#x27;den \u015fik\u00e2yet\u00e7i oldu.<\/p>\n<p>Kendisiyle resmi nik\u00e2h\u0131 oldu\u011fu halde ba\u015fkas\u0131yla d\u00fc\u011f\u00fcn yapan bo\u015fanma a\u015famas\u0131nda oldu\u011fu e\u015fine tepki g\u00f6steren Meltem \u00c7., \u201cBiz 9 y\u0131l \u00f6nce evlendik. \u00d6nce kendisi, bana nafaka vermeden ayr\u0131lmak istedi. Sonras\u0131nda \u00f6\u011frendim ki ba\u015fkas\u0131yla d\u00fc\u011f\u00fcn de yapm\u0131\u015f. Haberim yoktu ve \u00f6\u011frenince \u015foke oldum. \u0130sa\u2019n\u0131n amcas\u0131na ula\u015ft\u0131m ve bana, \u2018Seninle nik\u00e2hl\u0131 oldu\u011fu i\u00e7in midemiz bulan\u0131yor. B.K.&#x27;nin ailesi tehlikeli insanlar, seni ortadan kald\u0131r\u0131rlar\u2019 dedi. Beni \u00f6l\u00fcmle tehdit&#8230;<\/p>\n","protected":false},"excerpt":{"rendered":"<p>2 \u00e7ocuk annesi Meltem \u00c7., bo\u015fanma a\u015famas\u0131nda oldu\u011fu e\u015fi \u0130sa \u00c7.\u2019nin, kendisine ait d\u00fc\u011f\u00fcn tak\u0131lar\u0131n\u0131 bozdurarak sevgilisiyle d\u00fc\u011f\u00fcn yapt\u0131\u011f\u0131n\u0131 \u00f6ne s\u00fcrd\u00fc. Meltem&#8230;<\/p>\n","protected":false},"author":2,"featured_media":28595,"comment_status":"open","ping_status":"open","sticky":false,"template":"","format":"standard","meta":{"footnotes":""},"categories":[8,6,5],"tags":[],"class_list":["post-28596","post","type-post","status-publish","format-standard","has-post-thumbnail","hentry","category-arsiv","category-gundem","category-son-dakika"],"_links":{"self":[{"href":"https:\/\/eskigazeteci.com\/index.php?rest_route=\/wp\/v2\/posts\/28596","targetHints":{"allow":["GET"]}}],"collection":[{"href":"https:\/\/eskigazeteci.com\/index.php?rest_route=\/wp\/v2\/posts"}],"about":[{"href":"https:\/\/eskigazeteci.com\/index.php?rest_route=\/wp\/v2\/types\/post"}],"author":[{"embeddable":true,"href":"https:\/\/eskigazeteci.com\/index.php?rest_route=\/wp\/v2\/users\/2"}],"replies":[{"embeddable":true,"href":"https:\/\/eskigazeteci.com\/index.php?rest_route=%2Fwp%2Fv2%2Fcomments&post=28596"}],"version-history":[{"count":0,"href":"https:\/\/eskigazeteci.com\/index.php?rest_route=\/wp\/v2\/posts\/28596\/revisions"}],"wp:featuredmedia":[{"embeddable":true,"href":"https:\/\/eskigazeteci.com\/index.php?rest_route=\/wp\/v2\/media\/28595"}],"wp:attachment":[{"href":"https:\/\/eskigazeteci.com\/index.php?rest_route=%2Fwp%2Fv2%2Fmedia&parent=28596"}],"wp:term":[{"taxonomy":"category","embeddable":true,"href":"https:\/\/eskigazeteci.com\/index.php?rest_route=%2Fwp%2Fv2%2Fcategories&post=28596"},{"taxonomy":"post_tag","embeddable":true,"href":"https:\/\/eskigazeteci.com\/index.php?rest_route=%2Fwp%2Fv2%2Ftags&post=28596"}],"curies":[{"name":"wp","href":"https:\/\/api.w.org\/{rel}","templated":true}]}}