{"id":28592,"date":"2026-04-25T01:23:32","date_gmt":"2026-04-25T01:23:32","guid":{"rendered":"https:\/\/eskigazeteci.com\/?p=28592"},"modified":"2026-04-25T01:23:32","modified_gmt":"2026-04-25T01:23:32","slug":"milli-egitim-bakan-yardimciligina-cihad-demirli-atandi","status":"publish","type":"post","link":"https:\/\/eskigazeteci.com\/?p=28592","title":{"rendered":"Milli E\u011fitim Bakan Yard\u0131mc\u0131l\u0131\u011f\u0131na Cihad Demirli atand\u0131"},"content":{"rendered":"<p>Cumhurba\u015fkan\u0131 Recep Tayyip Erdo\u011fan\u2019\u0131n imzas\u0131 ile Resmi Gazete\u2019de yay\u0131mlanan atama kararlar\u0131na g\u00f6re bakanl\u0131klarda ve \u00fcst d\u00fczey kamu kurumlar\u0131nda atama ve g\u00f6revden al\u0131mlar ger\u00e7ekle\u015fti. Yap\u0131lan atama ve g\u00f6revden al\u0131mlar \u015fu \u015fekilde;<\/p>\n<p>Aile ve Sosyal Hizmetler Bakanl\u0131\u011f\u0131 Personel Genel M\u00fcd\u00fcr Yard\u0131mc\u0131l\u0131\u011f\u0131n Tar\u0131k Tanguro\u011flu, \u00c7al\u0131\u015fma ve Sosyal G\u00fcvenlik Bakanl\u0131\u011f\u0131, Strateji Geli\u015ftirme Ba\u015fkanl\u0131\u011f\u0131na Fatih Enes Bot, \u00c7al\u0131\u015fma ve Sosyal G\u00fcvenlik E\u011fitim ve Ara\u015ft\u0131rma Merkezi Ba\u015fkanl\u0131\u011f\u0131na \u00d6mer Faruk \u00d6zt\u00fcrk, T\u00fcrkiye \u0130\u015f Kurumu Genel M\u00fcd\u00fcr Yard\u0131mc\u0131l\u0131\u011f\u0131na \u0130brahim O\u011fuzhan Y\u0131ld\u0131r\u0131m atand\u0131.<\/p>\n<p>M\u0130LL\u0130 E\u011e\u0130T\u0130M BAKANLI\u011eI\u2019NDA ATAMALAR<\/p>\n<p>Milli E\u011fitim Bakanl\u0131\u011f\u0131 Bakan Yard\u0131mc\u0131s\u0131 Nazif Y\u0131lmaz , g\u00f6revden al\u0131n\u0131rken, Bakan Yard\u0131mc\u0131l\u0131\u011f\u0131na Talim ve Terbiye Kurulu Ba\u015fkan\u0131 Cihad Demirli , Talim ve Terbiye Kurulu Ba\u015fkanl\u0131\u011f\u0131na, Cem Gen\u00e7o\u011flu, Talim ve Terbiye Kurulu \u00dcyeli\u011fine, Orta\u00f6\u011fretim Genel M\u00fcd\u00fcr\u00fc Halil \u0130brahim Top\u00e7u, Orta\u00f6\u011fretim Genel M\u00fcd\u00fcrl\u00fc\u011f\u00fcne, Hayat Boyu \u00d6\u011frenme Genel M\u00fcd\u00fcr\u00fc Cengiz Mete, Hayat Boyu \u00d6\u011frenme Genel M\u00fcd\u00fcrl\u00fc\u011f\u00fcne Emre Topo\u011flu, Talim ve Terbiye Kurulu \u00dcyeli\u011fine Hatice \u00c7elik atand\u0131.<\/p>\n<p>T\u00fcrkiye g\u00fcndeminden son dakika haberleri, bug\u00fcn ya\u015fanan en son geli\u015fmeler, siyaset g\u00fcndeminden g\u00fcncel haberler ve b\u00fct\u00fcn son dakika&#8230;<\/p>\n","protected":false},"excerpt":{"rendered":"<p>Resmi Gazete&#8217;de yay\u0131mlanan atama kararlar\u0131na g\u00f6re, Milli E\u011fitim Bakanl\u0131\u011f\u0131 Bakan Yard\u0131mc\u0131s\u0131 Nazif Y\u0131lmaz g\u00f6revden al\u0131nd\u0131, yerine Talim ve Terbiye Kurulu&#8230;<\/p>\n","protected":false},"author":2,"featured_media":28591,"comment_status":"open","ping_status":"open","sticky":false,"template":"","format":"standard","meta":{"footnotes":""},"categories":[8,6,5],"tags":[],"class_list":["post-28592","post","type-post","status-publish","format-standard","has-post-thumbnail","hentry","category-arsiv","category-gundem","category-son-dakika"],"_links":{"self":[{"href":"https:\/\/eskigazeteci.com\/index.php?rest_route=\/wp\/v2\/posts\/28592","targetHints":{"allow":["GET"]}}],"collection":[{"href":"https:\/\/eskigazeteci.com\/index.php?rest_route=\/wp\/v2\/posts"}],"about":[{"href":"https:\/\/eskigazeteci.com\/index.php?rest_route=\/wp\/v2\/types\/post"}],"author":[{"embeddable":true,"href":"https:\/\/eskigazeteci.com\/index.php?rest_route=\/wp\/v2\/users\/2"}],"replies":[{"embeddable":true,"href":"https:\/\/eskigazeteci.com\/index.php?rest_route=%2Fwp%2Fv2%2Fcomments&post=28592"}],"version-history":[{"count":0,"href":"https:\/\/eskigazeteci.com\/index.php?rest_route=\/wp\/v2\/posts\/28592\/revisions"}],"wp:featuredmedia":[{"embeddable":true,"href":"https:\/\/eskigazeteci.com\/index.php?rest_route=\/wp\/v2\/media\/28591"}],"wp:attachment":[{"href":"https:\/\/eskigazeteci.com\/index.php?rest_route=%2Fwp%2Fv2%2Fmedia&parent=28592"}],"wp:term":[{"taxonomy":"category","embeddable":true,"href":"https:\/\/eskigazeteci.com\/index.php?rest_route=%2Fwp%2Fv2%2Fcategories&post=28592"},{"taxonomy":"post_tag","embeddable":true,"href":"https:\/\/eskigazeteci.com\/index.php?rest_route=%2Fwp%2Fv2%2Ftags&post=28592"}],"curies":[{"name":"wp","href":"https:\/\/api.w.org\/{rel}","templated":true}]}}