{"id":28588,"date":"2026-04-24T21:53:29","date_gmt":"2026-04-24T21:53:29","guid":{"rendered":"https:\/\/eskigazeteci.com\/?p=28588"},"modified":"2026-04-24T21:53:29","modified_gmt":"2026-04-24T21:53:29","slug":"cumhurbaskani-erdogan-istanbul-ermeni-patrikhanesindeki-dini-torene-mesaj","status":"publish","type":"post","link":"https:\/\/eskigazeteci.com\/?p=28588","title":{"rendered":"Cumhurba\u015fkan\u0131 Erdo\u011fan, \u0130stanbul Ermeni Patrikhanesi&#8217;ndeki dini t\u00f6rene mesaj"},"content":{"rendered":"<p>Cumhurba\u015fkan\u0131 Erdo\u011fan, mesaj\u0131na, T\u00fcrkiye Ermenileri Patri\u011fi Sahak Ma\u015falyan&#x27;\u0131, Ermeni toplumunun mensuplar\u0131n\u0131 ve vatanda\u015flar\u0131 selamlayarak ba\u015flad\u0131.<\/p>\n<p>Birinci D\u00fcnya Sava\u015f\u0131&#x27;n\u0131n zorlu \u015fartlar\u0131nda hayatlar\u0131n\u0131 kaybeden Osmanl\u0131 Ermenilerini bu y\u0131l da sayg\u0131yla and\u0131\u011f\u0131n\u0131 ifade eden Erdo\u011fan, torunlar\u0131na bir kez daha taziyelerini iletti\u011fini kaydetti.<\/p>\n<p>Cumhurba\u015fkan\u0131 Erdo\u011fan, Osmanl\u0131 \u0130mparatorlu\u011fu&#x27;nun da\u011f\u0131lma s\u00fcrecinde i\u015fgal, \u00e7at\u0131\u015fma, isyan, \u00e7ete hareketleri, tedhi\u015f eylemleri ve salg\u0131n hastal\u0131k gibi sair nedenlerle hayatlar\u0131n\u0131 kaybedenlerin, Balkanlar, Kafkaslar ve Arap yar\u0131madas\u0131ndaki topraklar\u0131ndan s\u00fcr\u00fclenlerin, Anadolu&#x27;nun d\u00f6rt bir k\u00f6\u015fesinde evlerine ate\u015f d\u00fc\u015fen t\u00fcm Osmanl\u0131 halklar\u0131n\u0131n derin ac\u0131lar \u00e7ekti\u011fini belirtti.<\/p>\n<p>Osmanl\u0131 \u0130mparatorlu\u011fu idaresi alt\u0131nda be\u015feri hayat\u0131n her alan\u0131nda var olmu\u015f ve de\u011ferli katk\u0131larda bulunmu\u015f Osmanl\u0131 vatanda\u015f\u0131 Ermeniler aras\u0131nda da b\u00fcy\u00fck ac\u0131lar ya\u015fayanlar\u0131n oldu\u011funu aktaran Erdo\u011fan, mesaj\u0131nda \u015funlar\u0131 kaydetti:<\/p>\n<p>&quot;T\u00fcrkiye Cumhuriyeti&#x27;ni, bu ac\u0131lar\u0131 unutmadan ama bunlarla ba\u015f etmesini bilerek kurmay\u0131 ba\u015fard\u0131k. Huzur, bar\u0131\u015f ve karde\u015flik temelinde daha g\u00fczel g\u00fcnlere ula\u015fmak i\u00e7in etnik ve dini kimli\u011fine bakmaks\u0131z\u0131n t\u00fcm vatanda\u015flar\u0131m\u0131zla dostlar\u0131m\u0131zla birlikte&#8230;<\/p>\n","protected":false},"excerpt":{"rendered":"<p>Cumhurba\u015fkan\u0131 Recep Tayyip Erdo\u011fan, \u0130stanbul Ermeni Patrikhanesi&#8217;nde ger\u00e7ekle\u015ftirilen dini t\u00f6rene mesaj g\u00f6nderdi. Cumhurba\u015fkan\u0131 Erdo\u011fan mesaj\u0131nda, Huzur,&#8230;<\/p>\n","protected":false},"author":2,"featured_media":28587,"comment_status":"open","ping_status":"open","sticky":false,"template":"","format":"standard","meta":{"footnotes":""},"categories":[8,6,5],"tags":[],"class_list":["post-28588","post","type-post","status-publish","format-standard","has-post-thumbnail","hentry","category-arsiv","category-gundem","category-son-dakika"],"_links":{"self":[{"href":"https:\/\/eskigazeteci.com\/index.php?rest_route=\/wp\/v2\/posts\/28588","targetHints":{"allow":["GET"]}}],"collection":[{"href":"https:\/\/eskigazeteci.com\/index.php?rest_route=\/wp\/v2\/posts"}],"about":[{"href":"https:\/\/eskigazeteci.com\/index.php?rest_route=\/wp\/v2\/types\/post"}],"author":[{"embeddable":true,"href":"https:\/\/eskigazeteci.com\/index.php?rest_route=\/wp\/v2\/users\/2"}],"replies":[{"embeddable":true,"href":"https:\/\/eskigazeteci.com\/index.php?rest_route=%2Fwp%2Fv2%2Fcomments&post=28588"}],"version-history":[{"count":0,"href":"https:\/\/eskigazeteci.com\/index.php?rest_route=\/wp\/v2\/posts\/28588\/revisions"}],"wp:featuredmedia":[{"embeddable":true,"href":"https:\/\/eskigazeteci.com\/index.php?rest_route=\/wp\/v2\/media\/28587"}],"wp:attachment":[{"href":"https:\/\/eskigazeteci.com\/index.php?rest_route=%2Fwp%2Fv2%2Fmedia&parent=28588"}],"wp:term":[{"taxonomy":"category","embeddable":true,"href":"https:\/\/eskigazeteci.com\/index.php?rest_route=%2Fwp%2Fv2%2Fcategories&post=28588"},{"taxonomy":"post_tag","embeddable":true,"href":"https:\/\/eskigazeteci.com\/index.php?rest_route=%2Fwp%2Fv2%2Ftags&post=28588"}],"curies":[{"name":"wp","href":"https:\/\/api.w.org\/{rel}","templated":true}]}}