{"id":28586,"date":"2026-04-24T21:23:02","date_gmt":"2026-04-24T21:23:02","guid":{"rendered":"https:\/\/eskigazeteci.com\/?p=28586"},"modified":"2026-04-24T21:23:02","modified_gmt":"2026-04-24T21:23:02","slug":"real-madrid-ile-904-gol","status":"publish","type":"post","link":"https:\/\/eskigazeteci.com\/?p=28586","title":{"rendered":"Real Madrid ile 90+4 gol"},"content":{"rendered":"<p>Real Betis ve Real Madrid aras\u0131ndaki m\u00fccadehe, La Liga&#x27;n\u0131n 33. haftas\u0131yd\u0131. Real Madrid, deplasmanda 1-1 berabere kald\u0131. M\u00fckafat bir golle ma\u00e7 sona erdi.<\/p>\n","protected":false},"excerpt":{"rendered":"<p>La Liga&#8217;n\u0131n 33. hafta deplasmanda Real Betis ile Real Madrid kar\u015f\u0131la\u015ft\u0131.<\/p>\n","protected":false},"author":2,"featured_media":28585,"comment_status":"open","ping_status":"open","sticky":false,"template":"","format":"standard","meta":{"footnotes":""},"categories":[8,5,7],"tags":[],"class_list":["post-28586","post","type-post","status-publish","format-standard","has-post-thumbnail","hentry","category-arsiv","category-son-dakika","category-spor"],"_links":{"self":[{"href":"https:\/\/eskigazeteci.com\/index.php?rest_route=\/wp\/v2\/posts\/28586","targetHints":{"allow":["GET"]}}],"collection":[{"href":"https:\/\/eskigazeteci.com\/index.php?rest_route=\/wp\/v2\/posts"}],"about":[{"href":"https:\/\/eskigazeteci.com\/index.php?rest_route=\/wp\/v2\/types\/post"}],"author":[{"embeddable":true,"href":"https:\/\/eskigazeteci.com\/index.php?rest_route=\/wp\/v2\/users\/2"}],"replies":[{"embeddable":true,"href":"https:\/\/eskigazeteci.com\/index.php?rest_route=%2Fwp%2Fv2%2Fcomments&post=28586"}],"version-history":[{"count":0,"href":"https:\/\/eskigazeteci.com\/index.php?rest_route=\/wp\/v2\/posts\/28586\/revisions"}],"wp:featuredmedia":[{"embeddable":true,"href":"https:\/\/eskigazeteci.com\/index.php?rest_route=\/wp\/v2\/media\/28585"}],"wp:attachment":[{"href":"https:\/\/eskigazeteci.com\/index.php?rest_route=%2Fwp%2Fv2%2Fmedia&parent=28586"}],"wp:term":[{"taxonomy":"category","embeddable":true,"href":"https:\/\/eskigazeteci.com\/index.php?rest_route=%2Fwp%2Fv2%2Fcategories&post=28586"},{"taxonomy":"post_tag","embeddable":true,"href":"https:\/\/eskigazeteci.com\/index.php?rest_route=%2Fwp%2Fv2%2Ftags&post=28586"}],"curies":[{"name":"wp","href":"https:\/\/api.w.org\/{rel}","templated":true}]}}