{"id":28580,"date":"2026-04-24T20:43:23","date_gmt":"2026-04-24T20:43:23","guid":{"rendered":"https:\/\/eskigazeteci.com\/?p=28580"},"modified":"2026-04-24T20:43:23","modified_gmt":"2026-04-24T20:43:23","slug":"ziraat-turkiye-kupasinda-yari-final-maclarinin-programi-belli-oldu","status":"publish","type":"post","link":"https:\/\/eskigazeteci.com\/?p=28580","title":{"rendered":"Ziraat T\u00fcrkiye Kupas\u0131&#8217;nda yar\u0131 final ma\u00e7lar\u0131n\u0131n program\u0131 belli oldu!"},"content":{"rendered":"<p>Ziraat T\u00fcrkiye Kupas\u0131&#x27;nda yar\u0131 final m\u00fcsabakalar\u0131n\u0131n program\u0131 belli oldu.<\/p>\n<p>T\u00fcrkiye Futbol Federasyonunun a\u00e7\u0131klamas\u0131na g\u00f6re, UEFA Avrupa Ligi&#x27;nde 20 May\u0131s \u00c7ar\u015famba g\u00fcn\u00fc T\u00fcpra\u015f Stad\u0131&#x27;nda yap\u0131lacak final m\u00fcsabakas\u0131 sebebiyle T\u00fcrkiye Kupas\u0131 yar\u0131 finalinde oynanacak Be\u015fikta\u015f -T\u00dcMOSAN Konyaspor m\u00fccadelesi, 5 May\u0131s Sal\u0131 g\u00fcn\u00fcne planland\u0131.<\/p>\n<p>Ziraat T\u00fcrkiye Kupas\u0131 &#x27;nda yar\u0131 final ma\u00e7 program\u0131 \u015fu \u015fekilde:<\/p>\n<p>5 May\u0131s Sal\u0131:<\/p>\n<p>20.30 Be\u015fikta\u015f-T\u00dcMOSAN Konyaspor (T\u00fcpra\u015f)<\/p>\n<p>13 May\u0131s \u00c7ar\u015famba:<\/p>\n<p>20.30 Natura D\u00fcnyas\u0131 Gen\u00e7lerbirli\u011fi- Trabzonspor (Eryaman)<\/p>\n<p>T\u00fcrkiye&#x27;den ve D\u00fcnya\u2019dan son dakika haberleri, k\u00f6\u015fe yaz\u0131lar\u0131, magazinden siyasete, spordan seyahate b\u00fct\u00fcn konular\u0131n tek adresi Hurriyet.com.tr haber i\u00e7erikleri izin al\u0131nmadan, kaynak g\u00f6sterilerek dahi iktibas edilemez. Kanuna ayk\u0131r\u0131 ve izinsiz olarak kopyalanamaz, ba\u015fka yerde yay\u0131nlanamaz.<\/p>\n","protected":false},"excerpt":{"rendered":"<p>Ziraat T\u00fcrkiye Kupas\u0131&#8217;nda yar\u0131 final ma\u00e7lar\u0131n\u0131n program\u0131 a\u00e7\u0131kland\u0131.<\/p>\n","protected":false},"author":2,"featured_media":28579,"comment_status":"open","ping_status":"open","sticky":false,"template":"","format":"standard","meta":{"footnotes":""},"categories":[8,5,7],"tags":[],"class_list":["post-28580","post","type-post","status-publish","format-standard","has-post-thumbnail","hentry","category-arsiv","category-son-dakika","category-spor"],"_links":{"self":[{"href":"https:\/\/eskigazeteci.com\/index.php?rest_route=\/wp\/v2\/posts\/28580","targetHints":{"allow":["GET"]}}],"collection":[{"href":"https:\/\/eskigazeteci.com\/index.php?rest_route=\/wp\/v2\/posts"}],"about":[{"href":"https:\/\/eskigazeteci.com\/index.php?rest_route=\/wp\/v2\/types\/post"}],"author":[{"embeddable":true,"href":"https:\/\/eskigazeteci.com\/index.php?rest_route=\/wp\/v2\/users\/2"}],"replies":[{"embeddable":true,"href":"https:\/\/eskigazeteci.com\/index.php?rest_route=%2Fwp%2Fv2%2Fcomments&post=28580"}],"version-history":[{"count":0,"href":"https:\/\/eskigazeteci.com\/index.php?rest_route=\/wp\/v2\/posts\/28580\/revisions"}],"wp:featuredmedia":[{"embeddable":true,"href":"https:\/\/eskigazeteci.com\/index.php?rest_route=\/wp\/v2\/media\/28579"}],"wp:attachment":[{"href":"https:\/\/eskigazeteci.com\/index.php?rest_route=%2Fwp%2Fv2%2Fmedia&parent=28580"}],"wp:term":[{"taxonomy":"category","embeddable":true,"href":"https:\/\/eskigazeteci.com\/index.php?rest_route=%2Fwp%2Fv2%2Fcategories&post=28580"},{"taxonomy":"post_tag","embeddable":true,"href":"https:\/\/eskigazeteci.com\/index.php?rest_route=%2Fwp%2Fv2%2Ftags&post=28580"}],"curies":[{"name":"wp","href":"https:\/\/api.w.org\/{rel}","templated":true}]}}