{"id":28552,"date":"2026-04-24T18:54:53","date_gmt":"2026-04-24T18:54:53","guid":{"rendered":"https:\/\/eskigazeteci.com\/?p=28552"},"modified":"2026-04-24T18:54:53","modified_gmt":"2026-04-24T18:54:53","slug":"omer-cenker-ilicali-kimdir-acunun-neyi-oluyor-acun-ilicalinin-agabeyi-omer-ilicali-hakkinda-bilgiler","status":"publish","type":"post","link":"https:\/\/eskigazeteci.com\/?p=28552","title":{"rendered":"\u00d6mer Cenker Il\u0131cal\u0131 kimdir, Acun&#8217;un neyi oluyor? Acun Il\u0131cal\u0131&#8217;n\u0131n a\u011fabeyi \u00d6mer Il\u0131cal\u0131 hakk\u0131nda bilgiler"},"content":{"rendered":"<p>Acun Il\u0131cal\u0131&#x27;n\u0131n a\u011fabeyi \u00d6mer Cenker Il\u0131cal\u0131, hayat\u0131 ile merak konusu oldu. TV8 ve \u0130ngiliz futbol tak\u0131m\u0131 Hull City&#x27;nin sahibi olan Acun Il\u0131cal\u0131&#x27;n\u0131n a\u011fabeyi olan \u00d6mer Cenker Il\u0131cal\u0131, kariyeri ile merak konusu oldu. Peki, \u00d6mer Cenker Il\u0131cal\u0131 kimdir ? Acun Il\u0131cal\u0131&#x27;n\u0131n a\u011fabeyi \u00d6mer Il\u0131cal\u0131 hakk\u0131nda bilgiler \u00d6MER CENKER ILICALI K\u0130MD\u0130R?<\/p>\n<p>\u00d6mer Cenker Il\u0131cal\u0131, 1967 y\u0131l\u0131nda Erzurum&#x27;da do\u011fdu. 54 ya\u015f\u0131ndaki Il\u0131cal\u0131, 1993 y\u0131l\u0131nda \u0130stanbul \u00dcniversitesi T\u0131p Fak\u00fcltesi&#x27;ni bitirdi. 1998 y\u0131l\u0131nda ayn\u0131 \u00fcniversiteden uzmanl\u0131k ald\u0131. Ard\u0131ndan ABD Albert Nemeth Lazer Merkezi&#x27;nde \u00e7al\u0131\u015ft\u0131. \u015eimdilerde \u00f6zel bir hastanede Kulak Burun Bo\u011faz Uzman\u0131 olarak g\u00f6rev alan Il\u0131cal\u0131, \u00e7ok iyi derecede \u0130ngilizce, \u0130talyanca ve \u0130spanyolca bilmektedir.<\/p>\n<p>ACUN ILICALI \u0130LE AKRABALIK BA\u011eI VE A\u0130LE GE\u00c7M\u0130\u015e\u0130<\/p>\n<p>\u00d6mer Cenker Il\u0131cal\u0131, \u00fcnl\u00fc televizyoncu Acun Il\u0131cal\u0131&#x27;n\u0131n a\u011fabeyidir. Il\u0131cal\u0131 karde\u015flerin ebeveynleri Erg\u00fcn ve \u0130lknur Il\u0131cal\u0131, 1993 y\u0131l\u0131nda ge\u00e7irdikleri elim bir trafik kazas\u0131nda hayatlar\u0131n\u0131 kaybetmi\u015ftir . Bu trajik olay, iki karde\u015fi derinden etkilemi\u015ftir. Acun Il\u0131cal\u0131&#x27;n\u0131n medyatik ki\u015fili\u011finin aksine, \u00d6mer Cenker Il\u0131cal\u0131 g\u00f6zlerden uzak bir ya\u015fam s\u00fcrmeyi tercih etmektedir. Ancak aile etkinliklerinde, \u00f6zellikle ye\u011feni Banu&#8230;<\/p>\n","protected":false},"excerpt":{"rendered":"<p>T\u00fcrk televizyon d\u00fcnyas\u0131n\u0131n \u00f6nde gelen isimlerinden Acun Il\u0131cal\u0131&#8217;n\u0131n a\u011fabeyi \u00d6mer Cenker Il\u0131cal\u0131, kamuoyunun merak etti\u011fi isimler aras\u0131nda yer al\u0131yor&#8230;.<\/p>\n","protected":false},"author":2,"featured_media":28551,"comment_status":"open","ping_status":"open","sticky":false,"template":"","format":"standard","meta":{"footnotes":""},"categories":[8,6,5],"tags":[],"class_list":["post-28552","post","type-post","status-publish","format-standard","has-post-thumbnail","hentry","category-arsiv","category-gundem","category-son-dakika"],"_links":{"self":[{"href":"https:\/\/eskigazeteci.com\/index.php?rest_route=\/wp\/v2\/posts\/28552","targetHints":{"allow":["GET"]}}],"collection":[{"href":"https:\/\/eskigazeteci.com\/index.php?rest_route=\/wp\/v2\/posts"}],"about":[{"href":"https:\/\/eskigazeteci.com\/index.php?rest_route=\/wp\/v2\/types\/post"}],"author":[{"embeddable":true,"href":"https:\/\/eskigazeteci.com\/index.php?rest_route=\/wp\/v2\/users\/2"}],"replies":[{"embeddable":true,"href":"https:\/\/eskigazeteci.com\/index.php?rest_route=%2Fwp%2Fv2%2Fcomments&post=28552"}],"version-history":[{"count":0,"href":"https:\/\/eskigazeteci.com\/index.php?rest_route=\/wp\/v2\/posts\/28552\/revisions"}],"wp:featuredmedia":[{"embeddable":true,"href":"https:\/\/eskigazeteci.com\/index.php?rest_route=\/wp\/v2\/media\/28551"}],"wp:attachment":[{"href":"https:\/\/eskigazeteci.com\/index.php?rest_route=%2Fwp%2Fv2%2Fmedia&parent=28552"}],"wp:term":[{"taxonomy":"category","embeddable":true,"href":"https:\/\/eskigazeteci.com\/index.php?rest_route=%2Fwp%2Fv2%2Fcategories&post=28552"},{"taxonomy":"post_tag","embeddable":true,"href":"https:\/\/eskigazeteci.com\/index.php?rest_route=%2Fwp%2Fv2%2Ftags&post=28552"}],"curies":[{"name":"wp","href":"https:\/\/api.w.org\/{rel}","templated":true}]}}