{"id":284,"date":"2026-02-09T10:43:31","date_gmt":"2026-02-09T10:43:31","guid":{"rendered":"https:\/\/eskigazeteci.com\/?p=284"},"modified":"2026-02-09T10:43:31","modified_gmt":"2026-02-09T10:43:31","slug":"haber-117","status":"publish","type":"post","link":"https:\/\/eskigazeteci.com\/?p=284","title":{"rendered":"Haber"},"content":{"rendered":"<p>Kuzey Kore lideri Kim Jong-Un, Kore Halk Ordusu &#x27;nun (KPA) kurulu\u015funun 78. y\u0131l d\u00f6n\u00fcm\u00fc vesilesiyle Kuzey Kore Savunma Bakanl\u0131\u011f\u0131&#x27;na tebrik ziyaretinde bulundu.<\/p>\n<p>Kim, burada yapt\u0131\u011f\u0131 konu\u015fmada Kore \u0130\u015f\u00e7i Partisi&#x27;nin (WPK) politikalar\u0131n\u0131 uygulamadaki ba\u015far\u0131lar\u0131 nedeniyle Kuzey Kore ordusunun mensuplar\u0131na te\u015fekk\u00fcr etti.<\/p>\n<p>Ukrayna&#x27;ya kar\u015f\u0131 sava\u015fmak \u00fczere Rusya&#x27;ya g\u00f6nderilen birliklere seslenen Kim, &quot;\u00d6zellikle, yurt d\u0131\u015f\u0131nda g\u00f6rev yapan ve uzak topraklarda \u00fclkemizi temsil eden \u00f6zel operasyon birliklerinin komutan ve askerlerini de tebrik ediyorum&quot; dedi.<\/p>\n<p>&#x27;ORDUNUN ROL\u00dc OLMADAN B\u00dcY\u00dcK BA\u015eARILAR D\u00dc\u015e\u00dcN\u00dcLEMEZD\u0130&#x27;<\/p>\n<p>Kuzey Kore ordusunun \u00fclkenin son 5 y\u0131ldaki geli\u015fim s\u00fcrecinde \u00f6nemli rol oynad\u0131\u011f\u0131n\u0131 belirten Kuzey Kore lideri Kim, &quot;Bu rol olmadan bug\u00fcnk\u00fc ba\u015far\u0131lar d\u00fc\u015f\u00fcn\u00fclemezdi&quot; \u015feklinde konu\u015ftu.<\/p>\n<p>Kuzey Kore ordusunun ge\u00e7en y\u0131l da ola\u011fan\u00fcst\u00fc ba\u015far\u0131lara imza att\u0131\u011f\u0131n\u0131 s\u00f6yleyen Kim Jong-Un , &quot;Bu nedenle, halk\u0131n ve Kore \u0130\u015f\u00e7i Partisi&#x27;nin orduya duydu\u011fu g\u00fcven daha da artt\u0131&quot; ifadelerini kulland\u0131.<\/p>\n<p>&#x27;B\u00dcY\u00dcK D\u00d6N\u00dc\u015e\u00dcM YILI&#x27;<\/p>\n<p>Duyulan g\u00fcvenin Kuzey Kore ordusunu daha b\u00fcy\u00fck ba\u015far\u0131lar elde etmeye te\u015fvik etti\u011fini vurgulayan Kim, &quot;Bu y\u0131l b\u00fcy\u00fck bir d\u00f6n\u00fc\u015f\u00fcm y\u0131l\u0131d\u0131r. Ordumuzun sava\u015f cephesi daha da geni\u015fleyecek ve bu daha yo\u011fun \u00e7abalar gerektirecek&quot; ifadelerini kulland\u0131.<\/p>\n<p>Kuzey Kore lideri, &quot;Ayn\u0131 \u015fekilde, \u00f6n\u00fcm\u00fczdeki 5 y\u0131lda ordumuzun e\u015fsiz rol\u00fcn\u00fcn daha da g\u00fc\u00e7lenece\u011fi y\u0131llar olacak&quot; diye konu\u015ftu.<\/p>\n<p>Yurtd\u0131\u015f\u0131nda ya\u015fanan en son olaylar, d\u00fcnya g\u00fcndemine oturan d\u0131\u015f haberler, son dakika d\u00fcnya haberleri, di\u011fer d\u00fcnya \u00fclkelerinden g\u00fcncel haberler i\u00e7in T\u00fcrkiye&#x27;nin haber sitesi hurriyet.com.tr; Hurriyet.com.tr haber i\u00e7erikleri kaynak g\u00f6sterilmeden al\u0131nt\u0131 yap\u0131lamaz, Kanuna ayk\u0131r\u0131 ve izinsiz olarak kopyalanamaz, ba\u015fka yerde yay\u0131nlanamaz.<\/p>\n","protected":false},"excerpt":{"rendered":"<p>2026&#8217;n\u0131n \u00fclkesi i\u00e7in b\u00fcy\u00fck bir d\u00f6n\u00fc\u015f\u00fcm y\u0131l\u0131 oldu\u011funu kaydeden Kuzey Kore lideri Kim Jong-Un, Ordumuzun sava\u015f cephesi daha da geni\u015fleyecek ve bu daha yo\u011fun&#8230;<\/p>\n","protected":false},"author":2,"featured_media":283,"comment_status":"open","ping_status":"open","sticky":false,"template":"","format":"standard","meta":{"footnotes":""},"categories":[8,3],"tags":[],"class_list":["post-284","post","type-post","status-publish","format-standard","has-post-thumbnail","hentry","category-arsiv","category-siyaset"],"_links":{"self":[{"href":"https:\/\/eskigazeteci.com\/index.php?rest_route=\/wp\/v2\/posts\/284","targetHints":{"allow":["GET"]}}],"collection":[{"href":"https:\/\/eskigazeteci.com\/index.php?rest_route=\/wp\/v2\/posts"}],"about":[{"href":"https:\/\/eskigazeteci.com\/index.php?rest_route=\/wp\/v2\/types\/post"}],"author":[{"embeddable":true,"href":"https:\/\/eskigazeteci.com\/index.php?rest_route=\/wp\/v2\/users\/2"}],"replies":[{"embeddable":true,"href":"https:\/\/eskigazeteci.com\/index.php?rest_route=%2Fwp%2Fv2%2Fcomments&post=284"}],"version-history":[{"count":0,"href":"https:\/\/eskigazeteci.com\/index.php?rest_route=\/wp\/v2\/posts\/284\/revisions"}],"wp:featuredmedia":[{"embeddable":true,"href":"https:\/\/eskigazeteci.com\/index.php?rest_route=\/wp\/v2\/media\/283"}],"wp:attachment":[{"href":"https:\/\/eskigazeteci.com\/index.php?rest_route=%2Fwp%2Fv2%2Fmedia&parent=284"}],"wp:term":[{"taxonomy":"category","embeddable":true,"href":"https:\/\/eskigazeteci.com\/index.php?rest_route=%2Fwp%2Fv2%2Fcategories&post=284"},{"taxonomy":"post_tag","embeddable":true,"href":"https:\/\/eskigazeteci.com\/index.php?rest_route=%2Fwp%2Fv2%2Ftags&post=284"}],"curies":[{"name":"wp","href":"https:\/\/api.w.org\/{rel}","templated":true}]}}