{"id":282,"date":"2026-02-09T10:43:29","date_gmt":"2026-02-09T10:43:29","guid":{"rendered":"https:\/\/eskigazeteci.com\/?p=282"},"modified":"2026-02-09T10:43:29","modified_gmt":"2026-02-09T10:43:29","slug":"haber-116","status":"publish","type":"post","link":"https:\/\/eskigazeteci.com\/?p=282","title":{"rendered":"Haber"},"content":{"rendered":"<p>\u0130ngiltere\u2019nin Charles\u2019tan sonra tahta \u00e7\u0131kacak olan veliaht Prensi William ve e\u015fi Kate Middleton Epstein skandal\u0131yla ilgili ilk kez a\u00e7\u0131klama yaparak \u201cderinden endi\u015feli olduklar\u0131n\u0131\u201d ve \u201cd\u00fc\u015f\u00fcncelerinin kurbanlara odakland\u0131\u011f\u0131n\u0131\u201d s\u00f6yledi.<\/p>\n<p>Galler Prensi ve Prensesi bug\u00fcn Jeffrey Epstein skandal\u0131yla ilgili sessizliklerini bozarak derinden endi\u015feli olduklar\u0131n\u0131 belirtti.<\/p>\n<p>William ve Kate, \u00e7ocuk istismarc\u0131s\u0131 ve k\u00fcresel bir \u015fiddet ve \u015fantaj a\u011f\u0131n\u0131n kurbanlar\u0131na odakland\u0131klar\u0131n\u0131 s\u00f6yledi. Bu a\u00e7\u0131klama, prensin resmi bir ziyaret i\u00e7in Suudi Arabistan&#x27;a u\u00e7tu\u011fu s\u0131rada geldi.<\/p>\n<p>Bu sabah Suudi ba\u015fkenti Riyad&#x27;da gazetecilere konu\u015fan Kensington Saray\u0131 s\u00f6zc\u00fcs\u00fc \u015funlar\u0131 s\u00f6yledi: \u201cGaller Prensi ve Prensesinin devam eden if\u015faatlardan derinden endi\u015fe duyduklar\u0131n\u0131 do\u011frulayabilirim. D\u00fc\u015f\u00fcnceleri kurbanlara odaklanm\u0131\u015f durumda.\u201d<\/p>\n<p>Galler Prens ve Prensesi Willim ve Kate\u2019in bu a\u00e7\u0131klamalar\u0131 biraz da ailenin bu skandal\u0131n i\u00e7ine d\u00fc\u015fmesi y\u00fcz\u00fcnden mecburen yap\u0131lm\u0131\u015f olsa da her \u015feye ra\u011fmen bu tav\u0131rlar\u0131 takdir toplad\u0131.<\/p>\n<p>Zira ailenin Jeffrey Epstein\u2019la yak\u0131n dost olan ve onun kurbanlar\u0131ndan birine cinsel sald\u0131r\u0131 ve tecav\u00fczde bulundu\u011fu s\u00f6ylenen \u00fcyesi, Charles\u2019\u0131n karde\u015fi ve William\u2019\u0131n da amcas\u0131 olan Andrew Mountbatten-Windsor h\u00e2l\u00e2 pedofil Epstein\u2019le olan ili\u015fkisi ve i\u015fledi\u011fi su\u00e7lar\u0131 reddediyor.<\/p>\n<p>Krali\u00e7e Elizabeth\u2019in y\u0131llarca hi\u00e7 \u00e7ekinmeden \u201cen sevdi\u011fim \u00e7ocu\u011fum\u201d dedi\u011fi Prens Andrew Jeffrey Epstein ve su\u00e7 orta\u011f\u0131 \u0130ngiliz sosyetik Ghislaine Maxwell\u2019le yak\u0131n dosttu ve Epstein\u2019in kurbanlar\u0131ndan Virginia Giuffre, Andrew\u2019nun kendisine hen\u00fcz re\u015fit bile de\u011filken tecav\u00fcz etti\u011fini a\u00e7\u0131klam\u0131\u015ft\u0131.<\/p>\n<p>Ortada foto\u011frafl\u0131 deliller olmas\u0131na ra\u011fmen y\u0131llarca bu su\u00e7lar\u0131n\u0131 reddeden Prens Andrew en sonunda a\u011fabeyi Kral Charles ve ye\u011feni Prens William \u2019\u0131n devreye girmesiyle prenslik de dahil olmak \u00fczere y\u00fcm unvanlar\u0131n\u0131 kaybetti ve elindeki t\u00fcm ayr\u0131cal\u0131k ve kraliyet ni\u015fanlar\u0131 geri al\u0131nd\u0131.<\/p>\n<p>William ve Kate\u2019in bu a\u00e7\u0131klamalar, Kral ve Krali\u00e7e&#x27;nin, \u00e7ok say\u0131da pedofili ma\u011fduruna verdikleri deste\u011fi de yans\u0131t\u0131yordu.<\/p>\n<p>Charles ve Camilla, Epstein&#x27;in elinde korkun\u00e7 istismara u\u011frayan bir\u00e7ok kad\u0131n ve k\u0131za kamuoyu \u00f6n\u00fcnde desteklerini dile getiren ilk \u00fcst d\u00fczey kraliyet \u00fcyeleri oldular.<\/p>\n<p>Ge\u00e7en Ekim ay\u0131nda Charles ve Camilla, \u00e7ok say\u0131da pedofili ma\u011fduruna kamuoyu \u00f6n\u00fcnde desteklerini dile getiren ilk \u00fcst d\u00fczey kraliyet \u00fcyeleri oldular ve \u201cMajesteleri, d\u00fc\u015f\u00fcncelerinin ve en derin sempatilerinin her t\u00fcrl\u00fc istismar\u0131n kurbanlar\u0131 ve hayatta kalanlar\u0131yla birlikte oldu\u011funu ve olmaya devam edece\u011fini a\u00e7\u0131k\u00e7a belirtmek isterler.\u201d \u015feklinde bir mesaj yay\u0131nlad\u0131lar.<\/p>\n<p>T\u00fcrkiye&#x27;den ve D\u00fcnya\u2019dan son dakika haberleri, k\u00f6\u015fe yaz\u0131lar\u0131, magazinden siyasete, spordan seyahate b\u00fct\u00fcn konular\u0131n tek adresi Hurriyet.com.tr haber i\u00e7erikleri izin al\u0131nmadan, kaynak g\u00f6sterilerek dahi iktibas edilemez. Kanuna ayk\u0131r\u0131 ve izinsiz olarak kopyalanamaz, ba\u015fka yerde yay\u0131nlanamaz.<\/p>\n","protected":false},"excerpt":{"rendered":"<p>Hakk\u0131ndaki soru\u015fturma kapsam\u0131nda a\u00e7\u0131klanan belge ve foto\u011fraflarla ad\u0131 bir kez daha g\u00fcndemden d\u00fc\u015fmeyen Jeffrey Epstein\u2019in \u0130ngiliz kraliyet ailesi ve&#8230;<\/p>\n","protected":false},"author":2,"featured_media":281,"comment_status":"open","ping_status":"open","sticky":false,"template":"","format":"standard","meta":{"footnotes":""},"categories":[8,3],"tags":[],"class_list":["post-282","post","type-post","status-publish","format-standard","has-post-thumbnail","hentry","category-arsiv","category-siyaset"],"_links":{"self":[{"href":"https:\/\/eskigazeteci.com\/index.php?rest_route=\/wp\/v2\/posts\/282","targetHints":{"allow":["GET"]}}],"collection":[{"href":"https:\/\/eskigazeteci.com\/index.php?rest_route=\/wp\/v2\/posts"}],"about":[{"href":"https:\/\/eskigazeteci.com\/index.php?rest_route=\/wp\/v2\/types\/post"}],"author":[{"embeddable":true,"href":"https:\/\/eskigazeteci.com\/index.php?rest_route=\/wp\/v2\/users\/2"}],"replies":[{"embeddable":true,"href":"https:\/\/eskigazeteci.com\/index.php?rest_route=%2Fwp%2Fv2%2Fcomments&post=282"}],"version-history":[{"count":0,"href":"https:\/\/eskigazeteci.com\/index.php?rest_route=\/wp\/v2\/posts\/282\/revisions"}],"wp:featuredmedia":[{"embeddable":true,"href":"https:\/\/eskigazeteci.com\/index.php?rest_route=\/wp\/v2\/media\/281"}],"wp:attachment":[{"href":"https:\/\/eskigazeteci.com\/index.php?rest_route=%2Fwp%2Fv2%2Fmedia&parent=282"}],"wp:term":[{"taxonomy":"category","embeddable":true,"href":"https:\/\/eskigazeteci.com\/index.php?rest_route=%2Fwp%2Fv2%2Fcategories&post=282"},{"taxonomy":"post_tag","embeddable":true,"href":"https:\/\/eskigazeteci.com\/index.php?rest_route=%2Fwp%2Fv2%2Ftags&post=282"}],"curies":[{"name":"wp","href":"https:\/\/api.w.org\/{rel}","templated":true}]}}