{"id":280,"date":"2026-02-09T10:33:32","date_gmt":"2026-02-09T10:33:32","guid":{"rendered":"https:\/\/eskigazeteci.com\/?p=280"},"modified":"2026-02-09T10:33:32","modified_gmt":"2026-02-09T10:33:32","slug":"haber-115","status":"publish","type":"post","link":"https:\/\/eskigazeteci.com\/?p=280","title":{"rendered":"Haber"},"content":{"rendered":"<p>Bulancak il\u00e7esinde ya\u015fayan ve seyyar pilav satarak ge\u00e7iminin sa\u011flayan \u0130brahim \u00c7ak\u0131r , imkans\u0131zl\u0131klar nedeniyle hayalini kurdu\u011fu umreye gitmek i\u00e7in 2 \u015eubat&#x27;ta yola \u00e7\u0131kt\u0131. \u00c7ak\u0131r, baz\u0131 tehlikeli ve da\u011fl\u0131k b\u00f6lgelerde g\u00fcvenlik nedeniyle zaman zaman otostopla ilerlemeyi tercih etti. \u00c7ak\u0131r, 6&#x27;nc\u0131 g\u00fcnde Bing\u00f6l&#x27;e gelerek mola verdi.<\/p>\n<p>&#x27;\u0130LAH\u0130 A\u015eK A\u011eIR BASTI&#x27;<\/p>\n<p>Uzun y\u0131llard\u0131r umreye gitme hayali kurdu\u011funu ancak bor\u00e7lar\u0131 ve sa\u011fl\u0131k sorunlar\u0131 nedeniyle bunu ertelemek zorunda kald\u0131\u011f\u0131 belirtilen \u00c7ak\u0131r, &quot;Berat Kandili g\u00fcn\u00fc dini inan\u00e7lar\u0131m gere\u011fince istihareye yatt\u0131m. Benim yola \u00e7\u0131kmam gerekti\u011fini d\u00fc\u015f\u00fcnd\u00fcm. &#x27;Art\u0131k yeter&#x27; dedim. \u0130lahi a\u015fk biraz a\u011f\u0131r bast\u0131. Y\u0131llard\u0131r umreye gitmek i\u00e7in para biriktirdim ama sa\u011fl\u0131k sorunlar\u0131 ve bor\u00e7lar nedeniyle olmad\u0131.<\/p>\n<p>Do\u011fankent, Bayburt, Erzurum ve Bing\u00f6l&#x27;e gelirken baz\u0131 da\u011fl\u0131k alanlarda yabani hayvan riski oldu\u011fu i\u00e7in otostop \u00e7ekmek zorunda kald\u0131m. Buna ra\u011fmen insanlar\u0131n ilgisi ve deste\u011fi beni \u00e7ok mutlu etti. Kimileri bunu fenomen olmak i\u00e7in yapt\u0131\u011f\u0131m\u0131 s\u00f6yl\u00fcyor ama benim yolum umre yoludur, elimde pasaportum var. Allah nasip ederse y\u00fcr\u00fcyerek de olsa Mekke&#x27;ye ula\u015faca\u011f\u0131m&quot; dedi.<\/p>\n<p>T\u00fcrkiye g\u00fcndeminden son dakika haberleri, bug\u00fcn ya\u015fanan en son geli\u015fmeler, siyaset g\u00fcndeminden g\u00fcncel haberler ve b\u00fct\u00fcn son dakika haberleri i\u00e7in H\u00fcrriyet&#x27;in internet haber sitesi hurriyet.com.tr; Hurriyet.com.tr haber i\u00e7erikleri kaynak g\u00f6sterilmeden al\u0131nt\u0131 yap\u0131lamaz, Kanuna ayk\u0131r\u0131 ve izinsiz olarak kopyalanamaz, ba\u015fka yerde yay\u0131nlanamaz.<\/p>\n","protected":false},"excerpt":{"rendered":"<p>Giresun&#8217;un Bulancak il\u00e7esinde seyyar pilav satarak ge\u00e7imini sa\u011flayan ve sanal medyada &#8216;Pilavc\u0131 Pofuduk&#8217; olarak tan\u0131nan \u0130brahim \u00c7ak\u0131r (31), umre ibadetini&#8230;<\/p>\n","protected":false},"author":2,"featured_media":279,"comment_status":"open","ping_status":"open","sticky":false,"template":"","format":"standard","meta":{"footnotes":""},"categories":[8,3],"tags":[],"class_list":["post-280","post","type-post","status-publish","format-standard","has-post-thumbnail","hentry","category-arsiv","category-siyaset"],"_links":{"self":[{"href":"https:\/\/eskigazeteci.com\/index.php?rest_route=\/wp\/v2\/posts\/280","targetHints":{"allow":["GET"]}}],"collection":[{"href":"https:\/\/eskigazeteci.com\/index.php?rest_route=\/wp\/v2\/posts"}],"about":[{"href":"https:\/\/eskigazeteci.com\/index.php?rest_route=\/wp\/v2\/types\/post"}],"author":[{"embeddable":true,"href":"https:\/\/eskigazeteci.com\/index.php?rest_route=\/wp\/v2\/users\/2"}],"replies":[{"embeddable":true,"href":"https:\/\/eskigazeteci.com\/index.php?rest_route=%2Fwp%2Fv2%2Fcomments&post=280"}],"version-history":[{"count":0,"href":"https:\/\/eskigazeteci.com\/index.php?rest_route=\/wp\/v2\/posts\/280\/revisions"}],"wp:featuredmedia":[{"embeddable":true,"href":"https:\/\/eskigazeteci.com\/index.php?rest_route=\/wp\/v2\/media\/279"}],"wp:attachment":[{"href":"https:\/\/eskigazeteci.com\/index.php?rest_route=%2Fwp%2Fv2%2Fmedia&parent=280"}],"wp:term":[{"taxonomy":"category","embeddable":true,"href":"https:\/\/eskigazeteci.com\/index.php?rest_route=%2Fwp%2Fv2%2Fcategories&post=280"},{"taxonomy":"post_tag","embeddable":true,"href":"https:\/\/eskigazeteci.com\/index.php?rest_route=%2Fwp%2Fv2%2Ftags&post=280"}],"curies":[{"name":"wp","href":"https:\/\/api.w.org\/{rel}","templated":true}]}}