{"id":27916,"date":"2026-04-23T08:58:15","date_gmt":"2026-04-23T08:58:15","guid":{"rendered":"https:\/\/eskigazeteci.com\/?p=27916"},"modified":"2026-04-23T08:58:15","modified_gmt":"2026-04-23T08:58:15","slug":"olay-teklif-arda-guler-icin-120-milyon-euro","status":"publish","type":"post","link":"https:\/\/eskigazeteci.com\/?p=27916","title":{"rendered":"Olay teklif! Arda G\u00fcler i\u00e7in 120 milyon Euro"},"content":{"rendered":"<p>Real Madrid&#x27;de bu sezon oynad\u0131\u011f\u0131 futbolla etkisini olduk\u00e7a g\u00f6steren ve D\u00fcnya Kupas\u0131 &#x27;nda da T\u00fcrk Milli Tak\u0131m\u0131 ile turnuvaya renk katmas\u0131 beklenen Arda G\u00fcler&#x27;e dair s\u00fcrpriz bir geli\u015fme ya\u015fanabilir.<\/p>\n<p>Real Madrid&#x27;in bu sezon ba\u015far\u0131s\u0131z olmas\u0131na kar\u015f\u0131n Arda G\u00fcler, sezon boyunca izleyenleri mest etti. \u00d6zellikle Bayern M\u00fcnih ma\u00e7\u0131nda att\u0131\u011f\u0131 2 muhte\u015fem gol, Arda&#x27;y\u0131 Avrupa transfer yar\u0131\u015f\u0131n\u0131n \u00fcst s\u0131ralar\u0131na y\u00fckseltti.<\/p>\n<p>ARDA \u0130\u00c7\u0130N 120 M\u0130LYON EURO TEKL\u0130F GELEB\u0130L\u0130R<\/p>\n<p>\u0130spanyol bas\u0131n\u0131, Arda i\u00e7in kaleme ald\u0131\u011f\u0131 haberde \u015fu ifadelere yer verdi:<\/p>\n<p>&quot;Arda G\u00fcler&#x27;in Real Madrid \u00fczerindeki etkisi yads\u0131namaz. Arda, gelecek vadeden bir yetenekten, tak\u0131m\u0131n\u0131n h\u00fccum sisteminin kilit oyuncusuna d\u00f6n\u00fc\u015ft\u00fc.<\/p>\n<p>La Liga&#x27;da att\u0131\u011f\u0131 goller ve yapt\u0131\u011f\u0131 asistler, Real Madrid&#x27;in ihtiya\u00e7 duydu\u011fu zamanlarda geldi. Arbeloa, ona g\u00fcveniyor. \u0130spanyol teknik adam\u0131n ona s\u00fcrekli forma \u015fans\u0131 vermesi, en iyi performans\u0131n\u0131 sergilemesine neden oldu.<\/p>\n<p>Real Madrid, Arda&#x27;y\u0131 stratejik bir de\u011fer olarak g\u00f6r\u00fcyor. Geli\u015fimi, onu gelece\u011fin en \u00f6nemli oyuncular\u0131ndan biri haline getiriyor.<\/p>\n<p>MANCHESTER UNITED, ARDA G\u00dcLER&#x27;\u0130N PE\u015e\u0130NDE<\/p>\n<p>Arda G\u00fcler&#x27;in performans\u0131, Avrupa&#x27;da dikkatlerden ka\u00e7mad\u0131. ManU, Arda&#x27;n\u0131n durumunu yak\u0131ndan takip ediyor.<\/p>\n<p>Manchester United&#8230;<\/p>\n","protected":false},"excerpt":{"rendered":"<p>A Milli Futbol Tak\u0131m\u0131&#8217;m\u0131z\u0131n ve Real Madrid&#8217;in y\u0131ld\u0131z\u0131 Arda G\u00fcler i\u00e7in olay yaratacak bir transfer iddias\u0131 g\u00fcndeme geldi.<\/p>\n","protected":false},"author":2,"featured_media":27915,"comment_status":"open","ping_status":"open","sticky":false,"template":"","format":"standard","meta":{"footnotes":""},"categories":[8,5,7],"tags":[],"class_list":["post-27916","post","type-post","status-publish","format-standard","has-post-thumbnail","hentry","category-arsiv","category-son-dakika","category-spor"],"_links":{"self":[{"href":"https:\/\/eskigazeteci.com\/index.php?rest_route=\/wp\/v2\/posts\/27916","targetHints":{"allow":["GET"]}}],"collection":[{"href":"https:\/\/eskigazeteci.com\/index.php?rest_route=\/wp\/v2\/posts"}],"about":[{"href":"https:\/\/eskigazeteci.com\/index.php?rest_route=\/wp\/v2\/types\/post"}],"author":[{"embeddable":true,"href":"https:\/\/eskigazeteci.com\/index.php?rest_route=\/wp\/v2\/users\/2"}],"replies":[{"embeddable":true,"href":"https:\/\/eskigazeteci.com\/index.php?rest_route=%2Fwp%2Fv2%2Fcomments&post=27916"}],"version-history":[{"count":0,"href":"https:\/\/eskigazeteci.com\/index.php?rest_route=\/wp\/v2\/posts\/27916\/revisions"}],"wp:featuredmedia":[{"embeddable":true,"href":"https:\/\/eskigazeteci.com\/index.php?rest_route=\/wp\/v2\/media\/27915"}],"wp:attachment":[{"href":"https:\/\/eskigazeteci.com\/index.php?rest_route=%2Fwp%2Fv2%2Fmedia&parent=27916"}],"wp:term":[{"taxonomy":"category","embeddable":true,"href":"https:\/\/eskigazeteci.com\/index.php?rest_route=%2Fwp%2Fv2%2Fcategories&post=27916"},{"taxonomy":"post_tag","embeddable":true,"href":"https:\/\/eskigazeteci.com\/index.php?rest_route=%2Fwp%2Fv2%2Ftags&post=27916"}],"curies":[{"name":"wp","href":"https:\/\/api.w.org\/{rel}","templated":true}]}}