{"id":27912,"date":"2026-04-23T08:55:07","date_gmt":"2026-04-23T08:55:07","guid":{"rendered":"https:\/\/eskigazeteci.com\/?p=27912"},"modified":"2026-04-23T08:55:07","modified_gmt":"2026-04-23T08:55:07","slug":"babasindan-kizimi-oyalama-uyarisi-geldi-nisan-yuzugu-ortaya-cikti-unlu-cift-evlilik-yolunda","status":"publish","type":"post","link":"https:\/\/eskigazeteci.com\/?p=27912","title":{"rendered":"Babas\u0131ndan \u2018K\u0131z\u0131m\u0131 oyalama\u2019 uyar\u0131s\u0131 geldi, ni\u015fan y\u00fcz\u00fc\u011f\u00fc ortaya \u00e7\u0131kt\u0131\u2026 \u00dcnl\u00fc \u00e7ift evlilik yolunda"},"content":{"rendered":"<p>Bu s\u00f6ylentinin sebebi de bir anda beliren g\u00f6steri\u015fli bir p\u0131rlanta ni\u015fan y\u00fcz\u00fc\u011f\u00fc oldu\u2026<\/p>\n<p>Gelen son haberlere g\u00f6re Harry Styles ve Zoe Kravitz&#x27;in ili\u015fkisi yeni bir y\u00f6ne do\u011fru ilerliyor olabilir.<\/p>\n<p>\u00dcnl\u00fc \u00e7ift, Zoe Kravitz\u2019in ge\u00e7ti\u011fimiz g\u00fcn Londra&#x27;da y\u00fcr\u00fcrken parma\u011f\u0131nda devasa bir elmas y\u00fcz\u00fck takmas\u0131yla ni\u015fan dedikodular\u0131n\u0131 alevlendirdi.<\/p>\n<p>Al\u0131\u015f\u0131ld\u0131\u011f\u0131 gibi g\u00fcndelik k\u0131yafetleri ve ba\u015flar\u0131na ge\u00e7irdikleri \u015fapkalarla hayranlar\u0131n\u0131n ve paparazzilerin ilgisinden ka\u00e7maya \u00e7al\u0131\u015fan \u00e7ift g\u00fcne\u015fli havay\u0131 bulunca y\u00fcr\u00fcy\u00fc\u015fe \u00e7\u0131km\u0131\u015ft\u0131.<\/p>\n<p>32 ya\u015f\u0131ndaki eski One Direction \u00fcyesi \u00fcnl\u00fc \u015fark\u0131c\u0131 Harry Styles matcha i\u00e7ece\u011fi yudumlarken, 37 ya\u015f\u0131ndaki \u00fcnl\u00fc oyuncu Zoe Kravitz de sol elinde k\u00fc\u00e7\u00fck bir kahve fincan\u0131 ta\u015f\u0131yarak devasa y\u00fcz\u00fc\u011f\u00fc sergiledi.<\/p>\n<p>\u0130kilinin ili\u015fkisi sekiz ay \u00f6nce yine Londra&#x27;da el ele tutu\u015fup \u00f6p\u00fc\u015f\u00fcrken g\u00f6r\u00fcld\u00fcklerinde ortaya \u00e7\u0131km\u0131\u015ft\u0131. \u0130kisi de ge\u00e7mi\u015fte hareketli a\u015fk hayatlar\u0131na sahip olan ikilinin a\u015fk\u0131 ba\u015flad\u0131\u011f\u0131 \u015fekilde h\u0131zl\u0131 ilerledi.<\/p>\n<p>Zoe Kravitz\u2019in etraf\u0131na Harry Styles i\u00e7in \u201cO benim ruh e\u015fim\u201d dedi\u011fi iddia edilirken \u00fcnl\u00fc oyuncunun pop y\u0131ld\u0131z\u0131yla olan ili\u015fkisi i\u00e7in eski kocas\u0131 Karl Glusman ve eski ni\u015fanl\u0131s\u0131 Channing Tatum ile olan ge\u00e7mi\u015f ili\u015fkilerinden &quot;farkl\u0131&quot; hissettirdi\u011fini anlatt\u0131\u011f\u0131&#8230;<\/p>\n","protected":false},"excerpt":{"rendered":"<p>Ge\u00e7en yazdan beri devam eden a\u015fklar\u0131yla magazin d\u00fcnyas\u0131n\u0131n en \u00e7ok konu\u015fulan \u00e7iftlerinden bir haline gelen \u00fcnl\u00fc \u015fark\u0131c\u0131 ve y\u0131ld\u0131z oyuncu bu kez de evlilik&#8230;<\/p>\n","protected":false},"author":2,"featured_media":27911,"comment_status":"open","ping_status":"open","sticky":false,"template":"","format":"standard","meta":{"footnotes":""},"categories":[8,6,5],"tags":[],"class_list":["post-27912","post","type-post","status-publish","format-standard","has-post-thumbnail","hentry","category-arsiv","category-gundem","category-son-dakika"],"_links":{"self":[{"href":"https:\/\/eskigazeteci.com\/index.php?rest_route=\/wp\/v2\/posts\/27912","targetHints":{"allow":["GET"]}}],"collection":[{"href":"https:\/\/eskigazeteci.com\/index.php?rest_route=\/wp\/v2\/posts"}],"about":[{"href":"https:\/\/eskigazeteci.com\/index.php?rest_route=\/wp\/v2\/types\/post"}],"author":[{"embeddable":true,"href":"https:\/\/eskigazeteci.com\/index.php?rest_route=\/wp\/v2\/users\/2"}],"replies":[{"embeddable":true,"href":"https:\/\/eskigazeteci.com\/index.php?rest_route=%2Fwp%2Fv2%2Fcomments&post=27912"}],"version-history":[{"count":0,"href":"https:\/\/eskigazeteci.com\/index.php?rest_route=\/wp\/v2\/posts\/27912\/revisions"}],"wp:featuredmedia":[{"embeddable":true,"href":"https:\/\/eskigazeteci.com\/index.php?rest_route=\/wp\/v2\/media\/27911"}],"wp:attachment":[{"href":"https:\/\/eskigazeteci.com\/index.php?rest_route=%2Fwp%2Fv2%2Fmedia&parent=27912"}],"wp:term":[{"taxonomy":"category","embeddable":true,"href":"https:\/\/eskigazeteci.com\/index.php?rest_route=%2Fwp%2Fv2%2Fcategories&post=27912"},{"taxonomy":"post_tag","embeddable":true,"href":"https:\/\/eskigazeteci.com\/index.php?rest_route=%2Fwp%2Fv2%2Ftags&post=27912"}],"curies":[{"name":"wp","href":"https:\/\/api.w.org\/{rel}","templated":true}]}}