{"id":27906,"date":"2026-04-23T08:36:38","date_gmt":"2026-04-23T08:36:38","guid":{"rendered":"https:\/\/eskigazeteci.com\/?p=27906"},"modified":"2026-04-23T08:36:38","modified_gmt":"2026-04-23T08:36:38","slug":"anzaklar-111-kez-canakkalede-yeni-zelendayi-ve-turkiyeyi-temsil-etmek-icin-burada-olmaktan-onur-duyuyoruz","status":"publish","type":"post","link":"https:\/\/eskigazeteci.com\/?p=27906","title":{"rendered":"Anzaklar 111. kez \u00c7anakkale&#8217;de: &#8216;Yeni Zelenda&#8217;y\u0131 ve T\u00fcrkiye&#8217;yi temsil etmek i\u00e7in burada olmaktan onur duyuyoruz&#8217;"},"content":{"rendered":"<p>\u00c7anakkale Kara Sava\u015flar\u0131&#x27;n\u0131n 111&#x27;inci y\u0131l\u0131nda tarihi Gelibolu Yar\u0131madas\u0131&#x27;nda 25 Nisan sabah\u0131 \u015fafak s\u00f6kerken Anzak Koyu&#x27;nda d\u00fczenlenecek t\u00f6renle Anzak askerleri an\u0131lacak. Avustralya An\u0131t\u0131 Lone Pine ve Conkbay\u0131r\u0131&#x27;ndaki Yeni Zelanda An\u0131t\u0131&#x27;nda da anma t\u00f6renleri yap\u0131lacak.<\/p>\n<p>Anma t\u00f6renleri i\u00e7in Yeni Zelanda &#x27;dan \u00c7anakkale &#x27;ye gelen Yeni Zelanda Savunma Kuvvetleri&#x27;nde g\u00f6revli Yarbay Conor Yardley, &quot;Yeni Zelanda&#x27;y\u0131 ve T\u00fcrkiye&#x27;yi temsil etmek, her iki \u00fclkenin halk\u0131 ad\u0131na buradaki \u015fehitleri onurland\u0131rmak i\u00e7in burada olmaktan \u00e7ok gurur duyuyoruz. Haka , Aotearoa i\u00e7in (Yeni Zelanda&#x27;n\u0131n Maori dilindeki ad\u0131) ve halk\u0131m\u0131z i\u00e7in son derece \u00f6nemlidir. Haka bir duygu ifadesidir; nas\u0131l hissetti\u011fimizin d\u0131\u015favurumudur. Bizden \u00f6nce gelenlere sayg\u0131 g\u00f6stermenin g\u00fc\u00e7l\u00fc bir yolu ve hikayeleri anlatman\u0131n, duygular\u0131m\u0131z\u0131, neler hissetti\u011fimizi payla\u015fman\u0131n bir bi\u00e7imidir. Ayn\u0131 zamanda hayat\u0131n\u0131 kaybedenlere sayg\u0131 g\u00f6stermenin de bir yoludur. Hayatta olan ya da aram\u0131zdan ayr\u0131lm\u0131\u015f insanlar\u0131 onurland\u0131rman\u0131n ger\u00e7ekten i\u00e7ten ve tutkulu bir bi\u00e7imidir&quot; dedi.<\/p>\n<p>ATAT\u00dcRK&#x27;\u00dcN ANZAK ANNELER\u0130NE MEKTUBUNA DUYGU DOLU YORUM<\/p>\n<p>Mustafa Kemal Atat\u00fcrk &#x27;\u00fcn Anzak annelerine ve askerlerine hitaben tarihe ge\u00e7en &quot;Bu memleketin topraklar\u0131&#8230;<\/p>\n","protected":false},"excerpt":{"rendered":"<p>\u00c7anakkale Kara Sava\u015flar\u0131 anma t\u00f6renlerine kat\u0131lmak i\u00e7in Yeni Zelanda&#8217;dan kente gelen Yarbay Conor Yardley, \u00fclkesi ve T\u00fcrkiye ad\u0131na \u015fehitleri onurland\u0131rmak&#8230;<\/p>\n","protected":false},"author":2,"featured_media":27905,"comment_status":"open","ping_status":"open","sticky":false,"template":"","format":"standard","meta":{"footnotes":""},"categories":[8,6,5],"tags":[],"class_list":["post-27906","post","type-post","status-publish","format-standard","has-post-thumbnail","hentry","category-arsiv","category-gundem","category-son-dakika"],"_links":{"self":[{"href":"https:\/\/eskigazeteci.com\/index.php?rest_route=\/wp\/v2\/posts\/27906","targetHints":{"allow":["GET"]}}],"collection":[{"href":"https:\/\/eskigazeteci.com\/index.php?rest_route=\/wp\/v2\/posts"}],"about":[{"href":"https:\/\/eskigazeteci.com\/index.php?rest_route=\/wp\/v2\/types\/post"}],"author":[{"embeddable":true,"href":"https:\/\/eskigazeteci.com\/index.php?rest_route=\/wp\/v2\/users\/2"}],"replies":[{"embeddable":true,"href":"https:\/\/eskigazeteci.com\/index.php?rest_route=%2Fwp%2Fv2%2Fcomments&post=27906"}],"version-history":[{"count":0,"href":"https:\/\/eskigazeteci.com\/index.php?rest_route=\/wp\/v2\/posts\/27906\/revisions"}],"wp:featuredmedia":[{"embeddable":true,"href":"https:\/\/eskigazeteci.com\/index.php?rest_route=\/wp\/v2\/media\/27905"}],"wp:attachment":[{"href":"https:\/\/eskigazeteci.com\/index.php?rest_route=%2Fwp%2Fv2%2Fmedia&parent=27906"}],"wp:term":[{"taxonomy":"category","embeddable":true,"href":"https:\/\/eskigazeteci.com\/index.php?rest_route=%2Fwp%2Fv2%2Fcategories&post=27906"},{"taxonomy":"post_tag","embeddable":true,"href":"https:\/\/eskigazeteci.com\/index.php?rest_route=%2Fwp%2Fv2%2Ftags&post=27906"}],"curies":[{"name":"wp","href":"https:\/\/api.w.org\/{rel}","templated":true}]}}