{"id":276,"date":"2026-02-09T10:33:30","date_gmt":"2026-02-09T10:33:30","guid":{"rendered":"https:\/\/eskigazeteci.com\/?p=276"},"modified":"2026-02-09T10:33:30","modified_gmt":"2026-02-09T10:33:30","slug":"haber-113","status":"publish","type":"post","link":"https:\/\/eskigazeteci.com\/?p=276","title":{"rendered":"Haber"},"content":{"rendered":"<p>Kademeli emeklilik \u015fartlar\u0131 ve tablosu 2026 y\u0131l\u0131n\u0131n ilk haftalar\u0131nda da g\u00fcndemde yer almay\u0131 s\u00fcrd\u00fcr\u00fcyor. EYT ile emekli olamayan milyonlarca \u00e7al\u0131\u015fan, kademeli (erken) emeklilik prim ve g\u00fcn \u015fart\u0131 ile d\u00fczenleme i\u00e7in yap\u0131lacak g\u00f6r\u00fc\u015fmeleri takip ediyor. 2023 y\u0131l\u0131nda \u00e7\u0131kan Emeklilikte Ya\u015fa Tak\u0131lanlar yasas\u0131ndan faydalanamayan ve emekli olmayan vatanda\u015flar son dakika kademeli emeklilik ne zaman \u00e7\u0131kacak? sorusuna yan\u0131t ar\u0131yor. Erken emeklilik yani kademeli emeklilik, sigortal\u0131 \u00e7al\u0131\u015fanlar\u0131n belirli bir ya\u015fa ve prim g\u00fcn say\u0131s\u0131na ula\u015ft\u0131klar\u0131nda k\u0131smi olarak emekli olmalar\u0131n\u0131 sa\u011flayan bir sistem olarak biliniyor. Sosyal G\u00fcvenlik Uzman\u0131 Murat Bal konuyla ilgili yapt\u0131\u011f\u0131 a\u00e7\u0131klamada, &quot;Konu siyasilerin s\u0131rt\u0131n\u0131 d\u00f6nemeyece\u011fi bir b\u00fcy\u00fckl\u00fc\u011fe ula\u015fmaktad\u0131r.&quot; dedi. Peki, kademeli emeklilik ne zaman \u00e7\u0131kacak, \u00e7\u0131kacak m\u0131? 2000 ve 2008 aras\u0131 kademeli emeklilik gelecek mi, ya\u015f ve prim g\u00fcn say\u0131s\u0131 de\u011fi\u015fecek mi? Kademeli emeklilik tablosu belli oldu mu? \u0130\u015fte, kademeli, emeklilik tablosu son durum geli\u015fmeleri&#8230;<\/p>\n<p>SGK Uzman\u0131 Murat Bal, kademeli emeklilik gelecek mi? sorusuna \u015fu yan\u0131t\u0131 verdi; &quot;Elbette gelme ihtimali vard\u0131r. \u00c7\u00fcnk\u00fc konu siyasilerin s\u0131rt\u0131n\u0131 d\u00f6nemeyece\u011fi bir b\u00fcy\u00fckl\u00fc\u011fe ula\u015fmaktad\u0131r. Ancak burada kilit noktaya ben ge\u00e7mi\u015ften \u00f6rnek vermek istiyorum. EYT M\u00fccadelesi ba\u015flad\u0131\u011f\u0131nda ka\u00e7 ki\u015fi destek veriyordu? M\u00fccadele nas\u0131l b\u00fcy\u00fct\u00fcld\u00fc? gibi sorular\u0131 kademeli emeklilik talebi olanlar da iyi d\u00fc\u015f\u00fcnmeli ve m\u00fccadelenin alanlarda kazan\u0131laca\u011f\u0131n\u0131, insanlara ve siyasilere derdini anlatarak da m\u00fccadelenin b\u00fcy\u00fcyece\u011fini asla unutmamalar\u0131 gerekiyor.<\/p>\n<p>Kademeli emeklilik \u00e7al\u0131\u015fmalar\u0131yla ilgili g\u00fcndemde yeni bir geli\u015fme yer alm\u0131yor.<\/p>\n<p>H\u00fcrriyet Gazetesi yazar\u0131 Noyan Do\u011fan, ge\u00e7ti\u011fimiz haftalarda kaleme ald\u0131\u011f\u0131 k\u00f6\u015fe yaz\u0131s\u0131nda okuyuculardan gelen sorular \u00fczerine konu ilgili bilgiler vermi\u015fti. \u0130\u015fte ayr\u0131nt\u0131lar; Soru: H\u00fck\u00fcmetin \u015fu anda kademeli emeklilik ile ilgili bir \u00e7al\u0131\u015fmas\u0131 var m\u0131? Sosyal medyada \u00e7ok bilgi kirlili\u011fi var. Bu konudan bahseder misiniz?<\/p>\n<p>H\u00fcrriyet Gazetesi yazar\u0131 Noyan Do\u011fan, ge\u00e7ti\u011fimiz haftalarda kaleme ald\u0131\u011f\u0131 k\u00f6\u015fe yaz\u0131s\u0131nda okuyuculardan gelen sorular \u00fczerine konu ilgili bilgiler vermi\u015fti. \u0130\u015fte ayr\u0131nt\u0131lar;<\/p>\n<p>Soru: H\u00fck\u00fcmetin \u015fu anda kademeli emeklilik ile ilgili bir \u00e7al\u0131\u015fmas\u0131 var m\u0131? Sosyal medyada \u00e7ok bilgi kirlili\u011fi var. Bu konudan bahseder misiniz?<\/p>\n<p>Cevap: Kademeli emeklilikle ilgili okuyuculardan \u00e7ok\u00e7a soru al\u0131yorum. \u00d6yle ki, sosyal medya hesaplar\u0131ndan da neden bu konuya de\u011finmedi\u011fim, neden destek olmad\u0131\u011f\u0131m y\u00f6n\u00fcnde ele\u015ftiriler geliyor. Ge\u00e7mi\u015f yaz\u0131lar\u0131mda da de\u011findim, bir kere daha tekrarlayay\u0131m.<\/p>\n<p>Cevap: Kademeli emeklilikle ilgili okuyuculardan \u00e7ok\u00e7a soru al\u0131yorum. \u00d6yle ki, sosyal medya hesaplar\u0131ndan da neden bu konuya de\u011finmedi\u011fim, neden destek olmad\u0131\u011f\u0131m y\u00f6n\u00fcnde ele\u015ftiriler geliyor. Ge\u00e7mi\u015f yaz\u0131lar\u0131mda da de\u011findim, bir kere daha tekrarlayay\u0131m.<\/p>\n<p>2023 y\u0131l\u0131nda 8 Eyl\u00fcl 1999 \u00f6ncesi sigorta giri\u015fi olanlar\u0131n EYT\u2019den yararlan\u0131p emekli olmalar\u0131na imk\u00e2n tan\u0131nd\u0131 ve 2 milyondan fazla ki\u015fi emekli oldu, \u015fartlar\u0131 yerine getirenler bundan sonra da emekli olmaya devam edecek. Bu duruma, 8 Eyl\u00fcl 1999 sonras\u0131 sigorta giri\u015fi olanlar kendilerine haks\u0131zl\u0131k yap\u0131ld\u0131\u011f\u0131 gerek\u00e7esiyle tepki g\u00f6steriyor ve bu haks\u0131zl\u0131\u011f\u0131n da giderilmesini talep ediyorlar. Hatta, \u2018Emeklilikte Tarihe Tak\u0131lanlar\u2019 ad\u0131nda dernek kurup, raporlar haz\u0131rlay\u0131p, seslerini duyurmaya \u00e7al\u0131\u015f\u0131yorlar. Talepleri de; kademeli emeklilik. Ya\u015f \u015fart\u0131n\u0131n ilk i\u015fe giri\u015f tarihine g\u00f6re yeniden d\u00fczenlenmesini ve 58-60 ya\u015f \u015fart\u0131n\u0131n kald\u0131r\u0131lmas\u0131n\u0131 istiyorlar.<\/p>\n<p>Ortada bir haks\u0131zl\u0131k var m\u0131; var. Takip ediyorum hemen hemen her g\u00fcn bu konu g\u00fcndemde. G\u00fcndemde oldu\u011fu i\u00e7in de birileri, \u2018\u015fu tarihte \u00e7\u0131kacak, bu tarihte \u00e7\u0131kacak\u2019 gibi tarihler veriyor. Son olarak Cumhuriyet Halk Partisi Milletvekili Cevdet Akay, 3 Mart tarihinde, kademeli emeklilik d\u00fczenlemesi yap\u0131lmas\u0131 i\u00e7in Meclis\u2019e kanun teklifi sundu.<\/p>\n<p>Gelelim, okuyucum gibi bir\u00e7ok ki\u015finin merak etti\u011fi sorunun cevab\u0131na. H\u00fck\u00fcmetin, kademeli emeklilik ile ilgili bir \u00e7al\u0131\u015fmas\u0131 yok, hatta h\u00fck\u00fcmetin g\u00fcndeminde kademeli emeklilik yok. \u00d6yle ki, EYT\u2019nin b\u00fct\u00e7e ve sosyal g\u00fcvenlik sistemi \u00fczerindeki olumsuz etkileri daha \u00e7ok konu\u015fuluyor. Bu \u00e7er\u00e7evede bug\u00fcnden yar\u0131na, kademeli emeklili\u011fin g\u00fcndemde olmayaca\u011f\u0131n\u0131 s\u00f6yleyebilirim. Biliyorum, milyonlarca \u00e7al\u0131\u015fan\u0131n duymak istedi\u011fi cevap bu de\u011fil ama durum \u015fimdilik bu.<\/p>\n<p>\u00c7al\u0131\u015fma ve Sosyal G\u00fcvenlik Bakan\u0131 Vedat I\u015f\u0131khan, konuyla ilgili olarak ge\u00e7ti\u011fimiz aylarda a\u00e7\u0131klamada bulunmu\u015f ve konu\u015fmas\u0131nda \u015fu ifadelere yer vermi\u015fti: &quot;Emeklilik sisteminde bir de\u011fi\u015fiklik planlam\u0131yoruz. Emekli olabilmek i\u00e7in gereken prim ve y\u0131l \u015fartlar devam edecek.&quot;<\/p>\n<p>Piyasa verileri Foreks Bilgi \u0130leti\u015fim Hizmetleri A.\u015e. taraf\u0131ndan sa\u011flanmaktad\u0131r. \u00dcye giri\u015fi yap\u0131lan Canl\u0131 Borsa sayfalar\u0131 haricinde Hisse senedi verileri 15 dk gecikmelidir. Tahvil-Bono-Repo \u00f6zet verileri her durumda 15 dk gecikmelidir.<\/p>\n","protected":false},"excerpt":{"rendered":"<p>Kademeli emeklilik ne zaman \u00e7\u0131kacak? sorusu kamuoyunun yo\u011funla\u015ft\u0131\u011f\u0131 konular\u0131n ba\u015f\u0131nda geliyor. Ekonominin ana g\u00fcndem konular\u0131ndan olan kademeli (erken)&#8230;<\/p>\n","protected":false},"author":2,"featured_media":275,"comment_status":"open","ping_status":"open","sticky":false,"template":"","format":"standard","meta":{"footnotes":""},"categories":[8,3],"tags":[],"class_list":["post-276","post","type-post","status-publish","format-standard","has-post-thumbnail","hentry","category-arsiv","category-siyaset"],"_links":{"self":[{"href":"https:\/\/eskigazeteci.com\/index.php?rest_route=\/wp\/v2\/posts\/276","targetHints":{"allow":["GET"]}}],"collection":[{"href":"https:\/\/eskigazeteci.com\/index.php?rest_route=\/wp\/v2\/posts"}],"about":[{"href":"https:\/\/eskigazeteci.com\/index.php?rest_route=\/wp\/v2\/types\/post"}],"author":[{"embeddable":true,"href":"https:\/\/eskigazeteci.com\/index.php?rest_route=\/wp\/v2\/users\/2"}],"replies":[{"embeddable":true,"href":"https:\/\/eskigazeteci.com\/index.php?rest_route=%2Fwp%2Fv2%2Fcomments&post=276"}],"version-history":[{"count":0,"href":"https:\/\/eskigazeteci.com\/index.php?rest_route=\/wp\/v2\/posts\/276\/revisions"}],"wp:featuredmedia":[{"embeddable":true,"href":"https:\/\/eskigazeteci.com\/index.php?rest_route=\/wp\/v2\/media\/275"}],"wp:attachment":[{"href":"https:\/\/eskigazeteci.com\/index.php?rest_route=%2Fwp%2Fv2%2Fmedia&parent=276"}],"wp:term":[{"taxonomy":"category","embeddable":true,"href":"https:\/\/eskigazeteci.com\/index.php?rest_route=%2Fwp%2Fv2%2Fcategories&post=276"},{"taxonomy":"post_tag","embeddable":true,"href":"https:\/\/eskigazeteci.com\/index.php?rest_route=%2Fwp%2Fv2%2Ftags&post=276"}],"curies":[{"name":"wp","href":"https:\/\/api.w.org\/{rel}","templated":true}]}}