{"id":274,"date":"2026-02-09T10:13:32","date_gmt":"2026-02-09T10:13:32","guid":{"rendered":"https:\/\/eskigazeteci.com\/?p=274"},"modified":"2026-02-09T10:13:32","modified_gmt":"2026-02-09T10:13:32","slug":"haber-112","status":"publish","type":"post","link":"https:\/\/eskigazeteci.com\/?p=274","title":{"rendered":"Haber"},"content":{"rendered":"<p>T\u0130HEK&#x27;e yap\u0131lan ba\u015fvuruda, ba\u015fvurucu, 2 Temmuz 2025&#x27;te cilt rahats\u0131zl\u0131\u011f\u0131 nedeniyle hastaneye gitti\u011fini, muayene s\u0131ras\u0131nda kendisine yaln\u0131zca &#x27;rutin baz\u0131 testler&#x27; yap\u0131laca\u011f\u0131n\u0131n s\u00f6ylendi\u011fini ancak HIV ile Hepatit B ve C testlerinin, bilgisi ve a\u00e7\u0131k r\u0131zas\u0131 olmadan yap\u0131ld\u0131\u011f\u0131n\u0131, sonu\u00e7lar\u0131n kendisine bildirilmeden e-Nab\u0131z sistemine i\u015flendi\u011fini ileri s\u00fcrd\u00fc. Ba\u015fvurucu, ayd\u0131nlatma ve a\u00e7\u0131k r\u0131za al\u0131nmaks\u0131z\u0131n \u00f6zel nitelikli sa\u011fl\u0131k verilerinin i\u015flendi\u011fi, hasta mahremiyetinin ihlal edildi\u011fi ve bu durumun Anayasa ile Avrupa \u0130nsan Haklar\u0131 S\u00f6zle\u015fmesi\u2019ne ayk\u0131r\u0131 oldu\u011funu savundu.<\/p>\n<p>SA\u011eLIK H\u0130ZMET\u0130NE ER\u0130\u015e\u0130M\u0130NE BAKILDI<\/p>\n<p>T\u0130HEK karar\u0131nda, 6701 say\u0131l\u0131 T\u00fcrkiye \u0130nsan Haklar\u0131 ve E\u015fitlik Kurumu Kanunu kapsam\u0131nda yaln\u0131zca ayr\u0131mc\u0131l\u0131k yasa\u011f\u0131 ihlallerinin ele al\u0131nabilece\u011fi vurguland\u0131. Bu kapsamda, ba\u015fvurucunun sa\u011fl\u0131k durumu nedeniyle sa\u011fl\u0131k hizmetine eri\u015fiminin engellenip engellenmedi\u011finin de\u011ferlendirildi\u011fi, dosya kapsam\u0131ndaki bilgi ve belgelere g\u00f6re ba\u015fvurucunun, HIV pozitif oldu\u011funun anla\u015f\u0131lmas\u0131 \u00fczerine sa\u011fl\u0131k hizmetinden yararlanmas\u0131n\u0131n engellenmedi\u011fi, hizmete eri\u015fimin reddedilmedi\u011fi ya da k\u0131s\u0131tlanmad\u0131\u011f\u0131 belirtildi. R\u0131za al\u0131nmadan test yap\u0131lmas\u0131 ve sonu\u00e7lar\u0131n i\u015flenmesi iddialar\u0131n\u0131n ki\u015fisel verilerin korunmas\u0131 ve hasta haklar\u0131 \u00e7er\u00e7evesinde de\u011ferlendirilebilecek nitelikte oldu\u011fu aktar\u0131ld\u0131.<\/p>\n<p>Ancak bu hususlar\u0131n, T\u0130HEK \u2019in g\u00f6rev alan\u0131nda yer almad\u0131\u011f\u0131, ayr\u0131mc\u0131l\u0131k yasa\u011f\u0131 kapsam\u0131nda incelenemeyece\u011fi kaydedildi. Bu gerek\u00e7elerle T\u0130HEK, ba\u015fvurunun kurumun g\u00f6rev alan\u0131na girmedi\u011fine h\u00fckmederek \u2018incelenemez\u2019 oldu\u011funa karar verdi.<\/p>\n<p>T\u00fcrkiye g\u00fcndeminden son dakika haberleri, bug\u00fcn ya\u015fanan en son geli\u015fmeler, siyaset g\u00fcndeminden g\u00fcncel haberler ve b\u00fct\u00fcn son dakika haberleri i\u00e7in H\u00fcrriyet&#x27;in internet haber sitesi hurriyet.com.tr; Hurriyet.com.tr haber i\u00e7erikleri kaynak g\u00f6sterilmeden al\u0131nt\u0131 yap\u0131lamaz, Kanuna ayk\u0131r\u0131 ve izinsiz olarak kopyalanamaz, ba\u015fka yerde yay\u0131nlanamaz.<\/p>\n","protected":false},"excerpt":{"rendered":"<p>T\u00dcRK\u0130YE \u0130nsan Haklar\u0131 ve E\u015fitlik Kurumu (T\u0130HEK), bilgilendirme yap\u0131lmadan ve a\u00e7\u0131k r\u0131za al\u0131nmaks\u0131z\u0131n HIV ile hepatit testleri yap\u0131l\u0131p, pozitif \u00e7\u0131kan test&#8230;<\/p>\n","protected":false},"author":2,"featured_media":273,"comment_status":"open","ping_status":"open","sticky":false,"template":"","format":"standard","meta":{"footnotes":""},"categories":[8,3],"tags":[],"class_list":["post-274","post","type-post","status-publish","format-standard","has-post-thumbnail","hentry","category-arsiv","category-siyaset"],"_links":{"self":[{"href":"https:\/\/eskigazeteci.com\/index.php?rest_route=\/wp\/v2\/posts\/274","targetHints":{"allow":["GET"]}}],"collection":[{"href":"https:\/\/eskigazeteci.com\/index.php?rest_route=\/wp\/v2\/posts"}],"about":[{"href":"https:\/\/eskigazeteci.com\/index.php?rest_route=\/wp\/v2\/types\/post"}],"author":[{"embeddable":true,"href":"https:\/\/eskigazeteci.com\/index.php?rest_route=\/wp\/v2\/users\/2"}],"replies":[{"embeddable":true,"href":"https:\/\/eskigazeteci.com\/index.php?rest_route=%2Fwp%2Fv2%2Fcomments&post=274"}],"version-history":[{"count":0,"href":"https:\/\/eskigazeteci.com\/index.php?rest_route=\/wp\/v2\/posts\/274\/revisions"}],"wp:featuredmedia":[{"embeddable":true,"href":"https:\/\/eskigazeteci.com\/index.php?rest_route=\/wp\/v2\/media\/273"}],"wp:attachment":[{"href":"https:\/\/eskigazeteci.com\/index.php?rest_route=%2Fwp%2Fv2%2Fmedia&parent=274"}],"wp:term":[{"taxonomy":"category","embeddable":true,"href":"https:\/\/eskigazeteci.com\/index.php?rest_route=%2Fwp%2Fv2%2Fcategories&post=274"},{"taxonomy":"post_tag","embeddable":true,"href":"https:\/\/eskigazeteci.com\/index.php?rest_route=%2Fwp%2Fv2%2Ftags&post=274"}],"curies":[{"name":"wp","href":"https:\/\/api.w.org\/{rel}","templated":true}]}}