{"id":272,"date":"2026-02-09T10:13:31","date_gmt":"2026-02-09T10:13:31","guid":{"rendered":"https:\/\/eskigazeteci.com\/?p=272"},"modified":"2026-02-09T10:13:31","modified_gmt":"2026-02-09T10:13:31","slug":"haber-111","status":"publish","type":"post","link":"https:\/\/eskigazeteci.com\/?p=272","title":{"rendered":"Haber"},"content":{"rendered":"<p>Emine Erdo\u011fan, sosyal medya hesab\u0131ndan yapt\u0131\u011f\u0131 a\u00e7\u0131klamada \u015fu ifadeleri kulland\u0131:<\/p>\n<p>&quot;Her bir ba\u011f\u0131ml\u0131l\u0131k, milyonlarca tutuklusu olan g\u00f6r\u00fcnmez bir hapishanedir.<\/p>\n<p>Bug\u00fcn, d\u00fcnyada 15 ya\u015f \u00fcst\u00fc 1.3 milyar insan t\u00fct\u00fcn ba\u011f\u0131ml\u0131s\u0131 olarak ya\u015fam\u0131n\u0131 s\u00fcrd\u00fcr\u00fcyor.<\/p>\n<p>K\u00fcresel olarak y\u0131lda 7 milyon insan, sigara nedeniyle hayat\u0131n\u0131 kaybediyor.<\/p>\n<p>Bu tablo, yaln\u0131zca bireysel bir sa\u011fl\u0131k meselesi de\u011fil; toplumsal bir\u00e7ok sorunun temelinde yer alan derin bir ger\u00e7ekliktir.<\/p>\n<p>2026 Ba\u011f\u0131ms\u0131zl\u0131k Y\u0131l\u0131\u2019nda, insan\u0131, aileyi, toplumu ve do\u011fay\u0131 sessizce t\u00fcketen bu ba\u011f\u0131ml\u0131l\u0131kla m\u00fccadelenin kararl\u0131l\u0131kla g\u00fc\u00e7lenmesini temenni ediyorum.&quot;<\/p>\n<p>Her bir ba\u011f\u0131ml\u0131l\u0131k, milyonlarca tutuklusu olan g\u00f6r\u00fcnmez bir hapishanedir. Bug\u00fcn, d\u00fcnyada 15 ya\u015f \u00fcst\u00fc 1.3 milyar insan t\u00fct\u00fcn ba\u011f\u0131ml\u0131s\u0131 olarak ya\u015fam\u0131n\u0131 s\u00fcrd\u00fcr\u00fcyor. K\u00fcresel olarak y\u0131lda 7 milyon insan, sigara nedeniyle hayat\u0131n\u0131 kaybediyor. Bu tablo, yaln\u0131zca bireysel bir\u2026 pic.twitter.com\/5N8ASryWHR<\/p>\n<p>T\u00fcrkiye g\u00fcndeminden son dakika haberleri, bug\u00fcn ya\u015fanan en son geli\u015fmeler, siyaset g\u00fcndeminden g\u00fcncel haberler ve b\u00fct\u00fcn son dakika haberleri i\u00e7in H\u00fcrriyet&#x27;in internet haber sitesi hurriyet.com.tr; Hurriyet.com.tr haber i\u00e7erikleri kaynak g\u00f6sterilmeden al\u0131nt\u0131 yap\u0131lamaz, Kanuna ayk\u0131r\u0131 ve izinsiz olarak kopyalanamaz, ba\u015fka yerde yay\u0131nlanamaz.<\/p>\n","protected":false},"excerpt":{"rendered":"<p>Cumhurba\u015fkan\u0131 Recep Tayyip Erdo\u011fan&#8217;\u0131n e\u015fi Emine Erdo\u011fan, 9 \u015eubat D\u00fcnya Sigaray\u0131 B\u0131rakma G\u00fcn\u00fc dolay\u0131s\u0131yla payla\u015f\u0131mda bulundu.<\/p>\n","protected":false},"author":2,"featured_media":271,"comment_status":"open","ping_status":"open","sticky":false,"template":"","format":"standard","meta":{"footnotes":""},"categories":[8,3],"tags":[],"class_list":["post-272","post","type-post","status-publish","format-standard","has-post-thumbnail","hentry","category-arsiv","category-siyaset"],"_links":{"self":[{"href":"https:\/\/eskigazeteci.com\/index.php?rest_route=\/wp\/v2\/posts\/272","targetHints":{"allow":["GET"]}}],"collection":[{"href":"https:\/\/eskigazeteci.com\/index.php?rest_route=\/wp\/v2\/posts"}],"about":[{"href":"https:\/\/eskigazeteci.com\/index.php?rest_route=\/wp\/v2\/types\/post"}],"author":[{"embeddable":true,"href":"https:\/\/eskigazeteci.com\/index.php?rest_route=\/wp\/v2\/users\/2"}],"replies":[{"embeddable":true,"href":"https:\/\/eskigazeteci.com\/index.php?rest_route=%2Fwp%2Fv2%2Fcomments&post=272"}],"version-history":[{"count":0,"href":"https:\/\/eskigazeteci.com\/index.php?rest_route=\/wp\/v2\/posts\/272\/revisions"}],"wp:featuredmedia":[{"embeddable":true,"href":"https:\/\/eskigazeteci.com\/index.php?rest_route=\/wp\/v2\/media\/271"}],"wp:attachment":[{"href":"https:\/\/eskigazeteci.com\/index.php?rest_route=%2Fwp%2Fv2%2Fmedia&parent=272"}],"wp:term":[{"taxonomy":"category","embeddable":true,"href":"https:\/\/eskigazeteci.com\/index.php?rest_route=%2Fwp%2Fv2%2Fcategories&post=272"},{"taxonomy":"post_tag","embeddable":true,"href":"https:\/\/eskigazeteci.com\/index.php?rest_route=%2Fwp%2Fv2%2Ftags&post=272"}],"curies":[{"name":"wp","href":"https:\/\/api.w.org\/{rel}","templated":true}]}}