{"id":27,"date":"2026-02-06T09:09:25","date_gmt":"2026-02-06T09:09:25","guid":{"rendered":"https:\/\/eskigazeteci.com\/?p=27"},"modified":"2026-02-06T09:09:25","modified_gmt":"2026-02-06T09:09:25","slug":"balikesirde-cevre-projesi","status":"publish","type":"post","link":"https:\/\/eskigazeteci.com\/?p=27","title":{"rendered":"Bal\u0131kesirde \u00e7evre projesi"},"content":{"rendered":"<p>Geri d\u00f6n\u00fc\u015f\u00fcm kapasitesi art\u0131r\u0131lacak.<\/p>\n","protected":false},"excerpt":{"rendered":"<p>At\u0131k y\u00f6netimi i\u00e7in yeni tesis kuruluyor.<\/p>\n","protected":false},"author":0,"featured_media":9,"comment_status":"open","ping_status":"open","sticky":false,"template":"","format":"standard","meta":{"footnotes":""},"categories":[8,4],"tags":[],"class_list":["post-27","post","type-post","status-publish","format-standard","has-post-thumbnail","hentry","category-arsiv","category-ege"],"_links":{"self":[{"href":"https:\/\/eskigazeteci.com\/index.php?rest_route=\/wp\/v2\/posts\/27","targetHints":{"allow":["GET"]}}],"collection":[{"href":"https:\/\/eskigazeteci.com\/index.php?rest_route=\/wp\/v2\/posts"}],"about":[{"href":"https:\/\/eskigazeteci.com\/index.php?rest_route=\/wp\/v2\/types\/post"}],"replies":[{"embeddable":true,"href":"https:\/\/eskigazeteci.com\/index.php?rest_route=%2Fwp%2Fv2%2Fcomments&post=27"}],"version-history":[{"count":0,"href":"https:\/\/eskigazeteci.com\/index.php?rest_route=\/wp\/v2\/posts\/27\/revisions"}],"wp:featuredmedia":[{"embeddable":true,"href":"https:\/\/eskigazeteci.com\/index.php?rest_route=\/wp\/v2\/media\/9"}],"wp:attachment":[{"href":"https:\/\/eskigazeteci.com\/index.php?rest_route=%2Fwp%2Fv2%2Fmedia&parent=27"}],"wp:term":[{"taxonomy":"category","embeddable":true,"href":"https:\/\/eskigazeteci.com\/index.php?rest_route=%2Fwp%2Fv2%2Fcategories&post=27"},{"taxonomy":"post_tag","embeddable":true,"href":"https:\/\/eskigazeteci.com\/index.php?rest_route=%2Fwp%2Fv2%2Ftags&post=27"}],"curies":[{"name":"wp","href":"https:\/\/api.w.org\/{rel}","templated":true}]}}