{"id":268,"date":"2026-02-09T10:03:38","date_gmt":"2026-02-09T10:03:38","guid":{"rendered":"https:\/\/eskigazeteci.com\/?p=268"},"modified":"2026-02-09T10:03:38","modified_gmt":"2026-02-09T10:03:38","slug":"haber-109","status":"publish","type":"post","link":"https:\/\/eskigazeteci.com\/?p=268","title":{"rendered":"Haber"},"content":{"rendered":"<p>Milli Savunma Bakanl\u0131\u011f\u0131 (MSB), NATO&#x27;nun bu y\u0131lki en geni\u015f kapsaml\u0131 tatbikat\u0131 olan Steadfast Dart-26 kapsam\u0131nda \u00c7orlu Hava Meydan Komutanl\u0131\u011f\u0131ndan \u00e7\u0131k\u0131\u015f yapan ilk u\u00e7a\u011f\u0131n, Almanya Wunstorf Havaalan\u0131&#x27;na ula\u015ft\u0131\u011f\u0131n\u0131 bildirmi\u015fti.<\/p>\n<p>Bakanl\u0131\u011f\u0131n, NSosyal hesab\u0131ndan yap\u0131lan payla\u015f\u0131mda, &quot;Steadfast Dart-26 Tatbikat\u0131 kapsam\u0131nda \u00c7orlu Hava Meydan Komutanl\u0131\u011f\u0131ndan \u00e7\u0131k\u0131\u015f yapan ilk u\u00e7a\u011f\u0131m\u0131z, Almanya Wunstorf Havaalan\u0131&#x27;na ula\u015ft\u0131.&quot; ifadesi kullan\u0131lm\u0131\u015ft\u0131.<\/p>\n<p>NATO M\u00fc\u015fterek Kuvvet Komutanl\u0131\u011f\u0131nca 8-20 \u015eubat&#x27;ta Almanya&#x27;da d\u00fczenlenecek ve NATO&#x27;nun bu y\u0131lki en geni\u015f kapsaml\u0131 tatbikat\u0131 olan Steadfast Dart-26&#x27;ya, T\u00fcrk Silahl\u0131 Kuvvetleri, kara ve deniz unsurlar\u0131ndan olu\u015fan yakla\u015f\u0131k 2 bin ki\u015filik bir kuvvet ile kat\u0131l\u0131m sa\u011flayacak.<\/p>\n<p>TCG ANADOLU ALMANYA&#x27;DA<\/p>\n<p>Milli Savunma Bakanl\u0131\u011f\u0131 (MSB), TCG Anadolu&#x27;nun, Steadfast Dart-26 Tatbikat\u0131&#x27;nda g\u00f6revli kara unsurlar\u0131n\u0131 Almanya&#x27;ya ula\u015ft\u0131rd\u0131\u011f\u0131n\u0131 bildirdi.<\/p>\n<p>PAYLA\u015eIMDA, \u0130NT\u0130KALE \u0130L\u0130\u015eK\u0130N G\u00d6R\u00dcNT\u00dcLER DE YER ALDI<\/p>\n<p>NATO, sosyal medya platformu X&#x27;teki hesab\u0131ndan T\u00fcrk askerinin Steadfast Dart-26 tatbikat i\u00e7in intikaline dair g\u00f6r\u00fcnt\u00fcleri payla\u015ft\u0131. NATO&#x27;nun payla\u015f\u0131m\u0131nda &#x27;Biz NATO&#x27;yuz, Birlikte g\u00fc\u00e7l\u00fcy\u00fcz&#x27; etiketleri dikkat \u00e7ekti.<\/p>\n<p>Milli Savunma Bakanl\u0131\u011f\u0131 taraf\u0131ndan da al\u0131nt\u0131lanan bu payla\u015f\u0131mda &quot;NATO&#x27;nun M\u00fcttefik Tepki G\u00fcc\u00fc konu\u015fland\u0131rmas\u0131n\u0131n bir par\u00e7as\u0131 olarak T\u00fcrkiye&#x27;nin 66. Mekanize Piyade Tugay\u0131&#x27;na ait z\u0131rhl\u0131 ara\u00e7lar ve te\u00e7hizat Almanya&#x27;ya geliyor&quot; ifadelerine yer verildi.<\/p>\n<p>TGC ANADOLU D\u0130KKAT \u00c7EKT\u0130<\/p>\n<p>Milli Savunma Bakanl\u0131\u011f\u0131, NATO tatbikatlar\u0131na kat\u0131lan kara kuvvetlerine ait unsurlar\u0131 ta\u015f\u0131yan TCG Anadolu amfibi h\u00fccum gemisinin, Almanya\u2019n\u0131n Emden Liman\u0131\u2019na intikalinin ba\u015far\u0131yla tamamlad\u0131\u011f\u0131n\u0131 duyururken, TCG Anadolu&#x27;nun teknik \u00f6zellikleri d\u0131\u015f bas\u0131nda dikkat \u00e7ekti<\/p>\n<p>News.Az,tatbikata T\u00fcrk kara ve deniz kuvvetlerinden yakla\u015f\u0131k 2 bin personelin kat\u0131laca\u011f\u0131n\u0131 duyurdu\u011fu haberinde TCG Anadolu&#x27;nun teknik \u00f6zelliklerine yer verdi:<\/p>\n<p>&quot;231 metre uzunlu\u011fa, 32 metre geni\u015fli\u011fe ve 27 bin 436 ton azami deplasmana sahip \u00e7ok maksatl\u0131 bir amfibi h\u00fccum gemisi olan TCG Anadolu, 20,5 knot azami h\u0131za ve 16 knot ekonomik seyir s\u00fcratine ula\u015fabiliyor.&quot;<\/p>\n<p>Alman medyas\u0131 ise NATO g\u00f6rev grubunun merkezinde T\u00fcrk Deniz Kuvvetleri\u2019nin yeni amfibi h\u00fccum gemisi TCG Anadolu\u2019nun yer ald\u0131\u011f\u0131n\u0131 yazd\u0131 ve &quot;T\u00fcrk Deniz Kuvvetleri\u2019nin en b\u00fcy\u00fck gemisi hafta sonu Emden Liman\u0131\u2019na demirledi. U\u00e7ak gemisi, ba\u015fta muharip insans\u0131z hava ara\u00e7lar\u0131 olmak \u00fczere \u00e7e\u015fitli unsurlar i\u00e7in \u00fcs g\u00f6revi g\u00f6r\u00fcyor.&quot; ifadelerini kulland\u0131.<\/p>\n<p>AKT\u0130F KATILIMA D\u0130KKAT \u00c7EKT\u0130LER<\/p>\n<p>SANA haber ajans\u0131 da T\u00fcrkiye&#x27;nin tatbikattaki aktif rol\u00fcne dikkat \u00e7ekti ve \u015fu ifadeleri kulland\u0131; 231 metre uzunlu\u011fa, 32 metre geni\u015fli\u011fe ve 27 bin 436 ton azami deplasmana sahip \u00e7ok maksatl\u0131 bir amfibi h\u00fccum gemisi olan TCG Anadolu, 20,5 knot azami h\u0131za ve 16 knot ekonomik seyir s\u00fcratine ula\u015fabiliyor. S\u00f6z konusu intikal, farkl\u0131 m\u00fcttefik \u00fclkelerden personel ve birliklerin kat\u0131l\u0131m\u0131yla ger\u00e7ekle\u015ftirilen, NATO \u2019nun y\u0131l\u0131n en b\u00fcy\u00fck birle\u015fik tatbikatlar\u0131ndan birine T\u00fcrkiye\u2019nin aktif kat\u0131l\u0131m\u0131n\u0131 ortaya koyuyor.<\/p>\n<p>T\u00fcrkiye g\u00fcndeminden son dakika haberleri, bug\u00fcn ya\u015fanan en son geli\u015fmeler, siyaset g\u00fcndeminden g\u00fcncel haberler ve b\u00fct\u00fcn son dakika haberleri i\u00e7in H\u00fcrriyet&#x27;in internet haber sitesi hurriyet.com.tr; Hurriyet.com.tr haber i\u00e7erikleri kaynak g\u00f6sterilmeden al\u0131nt\u0131 yap\u0131lamaz, Kanuna ayk\u0131r\u0131 ve izinsiz olarak kopyalanamaz, ba\u015fka yerde yay\u0131nlanamaz.<\/p>\n","protected":false},"excerpt":{"rendered":"<p>T\u00fcrk askeri, NATO&#8217;nun bu y\u0131lki en geni\u015f kapsaml\u0131 tatbikat\u0131 olan Steadfast Dart-26&#8217;ya kat\u0131l\u0131yor. NATO&#8217;nun sosyal medya hesab\u0131ndan &#8216;Biz NATO&#8217;yuz, Birlikte&#8230;<\/p>\n","protected":false},"author":2,"featured_media":267,"comment_status":"open","ping_status":"open","sticky":false,"template":"","format":"standard","meta":{"footnotes":""},"categories":[8,3],"tags":[],"class_list":["post-268","post","type-post","status-publish","format-standard","has-post-thumbnail","hentry","category-arsiv","category-siyaset"],"_links":{"self":[{"href":"https:\/\/eskigazeteci.com\/index.php?rest_route=\/wp\/v2\/posts\/268","targetHints":{"allow":["GET"]}}],"collection":[{"href":"https:\/\/eskigazeteci.com\/index.php?rest_route=\/wp\/v2\/posts"}],"about":[{"href":"https:\/\/eskigazeteci.com\/index.php?rest_route=\/wp\/v2\/types\/post"}],"author":[{"embeddable":true,"href":"https:\/\/eskigazeteci.com\/index.php?rest_route=\/wp\/v2\/users\/2"}],"replies":[{"embeddable":true,"href":"https:\/\/eskigazeteci.com\/index.php?rest_route=%2Fwp%2Fv2%2Fcomments&post=268"}],"version-history":[{"count":0,"href":"https:\/\/eskigazeteci.com\/index.php?rest_route=\/wp\/v2\/posts\/268\/revisions"}],"wp:featuredmedia":[{"embeddable":true,"href":"https:\/\/eskigazeteci.com\/index.php?rest_route=\/wp\/v2\/media\/267"}],"wp:attachment":[{"href":"https:\/\/eskigazeteci.com\/index.php?rest_route=%2Fwp%2Fv2%2Fmedia&parent=268"}],"wp:term":[{"taxonomy":"category","embeddable":true,"href":"https:\/\/eskigazeteci.com\/index.php?rest_route=%2Fwp%2Fv2%2Fcategories&post=268"},{"taxonomy":"post_tag","embeddable":true,"href":"https:\/\/eskigazeteci.com\/index.php?rest_route=%2Fwp%2Fv2%2Ftags&post=268"}],"curies":[{"name":"wp","href":"https:\/\/api.w.org\/{rel}","templated":true}]}}