{"id":266,"date":"2026-02-09T10:03:37","date_gmt":"2026-02-09T10:03:37","guid":{"rendered":"https:\/\/eskigazeteci.com\/?p=266"},"modified":"2026-02-09T10:03:37","modified_gmt":"2026-02-09T10:03:37","slug":"haber-108","status":"publish","type":"post","link":"https:\/\/eskigazeteci.com\/?p=266","title":{"rendered":"Haber"},"content":{"rendered":"<p>Bir s\u00fcredir takip alt\u0131nda olan ve Milli \u0130stihbarat Te\u015fkilat\u0131 (M\u0130T), \u0130stanbul Cumhuriyet Ba\u015fsavc\u0131l\u0131\u011f\u0131 ve \u0130stanbul \u0130l Emniyet M\u00fcd\u00fcrl\u00fc\u011f\u00fcn\u00fcn ortak operasyonu sonucu yakalanan Derya ve Kerimo\u011flu&#x27;nun \u0130stanbul Emniyet M\u00fcd\u00fcrl\u00fc\u011f\u00fcn\u00fcn Vatan Caddesi yerle\u015fkesindeki i\u015flemleri tamamland\u0131.<\/p>\n<p>Sa\u011fl\u0131k kontrol\u00fcnden ge\u00e7irilen 2 \u015f\u00fcpheli, \u00c7a\u011flayan&#x27;daki \u0130stanbul Adliyesi&#x27;ne sevk edildi.<\/p>\n<p>NE OLMU\u015eTU?<\/p>\n<p>M\u0130T taraf\u0131ndan bir s\u00fcredir takip alt\u0131nda olan \u015firket sahibi Mehmet Budak Derya , yan\u0131nda \u00e7al\u0131\u015fan Veysel Kerimo\u011flu&#x27;nun \u0130srail \u0130stihbarat Servisi Mossad&#x27;a bilgi aktar\u0131m\u0131 yapt\u0131\u011f\u0131 belirlenmi\u015fti.<\/p>\n<p>Derya&#x27;n\u0131n, Kerimo\u011flu vesilesiyle Orta Do\u011fu \u00fclkelerine y\u00f6nelik ticari faaliyetlerini art\u0131rd\u0131\u011f\u0131, \u0130srail&#x27;in Orta Do\u011fu \u00fclkelerine y\u00f6nelik politikalar\u0131na muhalif Filistinliler ile sosyal ve ticari ili\u015fkilerini geli\u015ftirerek toplad\u0131klar\u0131 bilgileri \u0130srail servisine aktard\u0131\u011f\u0131 tespit edilmi\u015fti.<\/p>\n<p>\u0130srail istihbarat\u0131 ile 2013&#x27;te ba\u015flayan ili\u015fkisini bug\u00fcne kadar s\u00fcrd\u00fcren Derya&#x27;n\u0131n bu s\u00fcre\u00e7te &quot;Luis, Jesus\/Jose, Dr.Roberto\/Ricardo, Dan\/Dennis, Mark, Elly\/Emmy ve Michael&quot; kod adl\u0131 bir\u00e7ok istihbarat\u00e7\u0131 ile \u00e7e\u015fitli Avrupa \u00fclkelerinde \u00fc\u00e7\u00fcnc\u00fc \u00fclke g\u00f6r\u00fc\u015fmeleri ger\u00e7ekle\u015ftirdi\u011fi anla\u015f\u0131lm\u0131\u015ft\u0131.<\/p>\n<p>\u0130srail servisi ile kriptolu bir haberle\u015fme sistemiyle ileti\u015fim kuran Derya&#x27;n\u0131n, MOSSAD mensuplar\u0131n\u0131n talimatlar\u0131 do\u011frultusunda T\u00fcrkiye ve di\u011fer \u00fclkelerden SIM kartlar\u0131, internet modem ve router cihazlar\u0131 sat\u0131n alarak, bunlar\u0131n \u015fifre, seri numaras\u0131, \u00fcretim ve MAC adresleri gibi bilgilerinin yer ald\u0131\u011f\u0131 etiketlerin foto\u011fraflar\u0131n\u0131 muhataplar\u0131na iletti\u011fi belirlenmi\u015fti.<\/p>\n<p>Derya&#x27;n\u0131n Mossad g\u00f6revlileri ile ocak ay\u0131nda yapt\u0131\u011f\u0131 son g\u00f6r\u00fc\u015fmede paravan firma i\u00e7in gereken banka hesab\u0131n\u0131n olu\u015fturulmas\u0131, internet sitesinin tasarlanmas\u0131 ve sosyal medya hesaplar\u0131n\u0131n a\u00e7\u0131lmas\u0131 gibi i\u015flemler ile ortakl\u0131k yap\u0131lacak firmalara dair ara\u015ft\u0131rmalar\u0131n ele al\u0131nd\u0131\u011f\u0131 tespit edilmi\u015fti.<\/p>\n<p>\u00c7al\u0131\u015fmalar\u0131n tamamlanmas\u0131n\u0131n ard\u0131ndan Derya ve Kerimo\u011flu, M\u0130T, \u0130stanbul Cumhuriyet Ba\u015fsavc\u0131l\u0131\u011f\u0131 ve \u0130stanbul \u0130l Emniyet M\u00fcd\u00fcrl\u00fc\u011f\u00fc TEM \u015eube M\u00fcd\u00fcrl\u00fc\u011f\u00fcnce y\u00fcr\u00fct\u00fclen \u00e7al\u0131\u015fmalar kapsam\u0131nda &quot;MON\u0130TUM Faaliyeti&quot; sonucu \u0130stanbul&#x27;da 6 \u015eubat&#x27;ta g\u00f6zalt\u0131na al\u0131nm\u0131\u015ft\u0131.<\/p>\n<p>T\u00fcrkiye g\u00fcndeminden son dakika haberleri, bug\u00fcn ya\u015fanan en son geli\u015fmeler, siyaset g\u00fcndeminden g\u00fcncel haberler ve b\u00fct\u00fcn son dakika haberleri i\u00e7in H\u00fcrriyet&#x27;in internet haber sitesi hurriyet.com.tr; Hurriyet.com.tr haber i\u00e7erikleri kaynak g\u00f6sterilmeden al\u0131nt\u0131 yap\u0131lamaz, Kanuna ayk\u0131r\u0131 ve izinsiz olarak kopyalanamaz, ba\u015fka yerde yay\u0131nlanamaz.<\/p>\n","protected":false},"excerpt":{"rendered":"<p>\u0130srail \u0130stihbarat Servisi Mossad&#8217;a \u00e7al\u0131\u015ft\u0131klar\u0131 gerek\u00e7esiyle g\u00f6zalt\u0131na al\u0131nan Mehmet Budak Derya ile Veysel Kerimo\u011flu adliyeye sevk edildi.<\/p>\n","protected":false},"author":2,"featured_media":265,"comment_status":"open","ping_status":"open","sticky":false,"template":"","format":"standard","meta":{"footnotes":""},"categories":[8,3],"tags":[],"class_list":["post-266","post","type-post","status-publish","format-standard","has-post-thumbnail","hentry","category-arsiv","category-siyaset"],"_links":{"self":[{"href":"https:\/\/eskigazeteci.com\/index.php?rest_route=\/wp\/v2\/posts\/266","targetHints":{"allow":["GET"]}}],"collection":[{"href":"https:\/\/eskigazeteci.com\/index.php?rest_route=\/wp\/v2\/posts"}],"about":[{"href":"https:\/\/eskigazeteci.com\/index.php?rest_route=\/wp\/v2\/types\/post"}],"author":[{"embeddable":true,"href":"https:\/\/eskigazeteci.com\/index.php?rest_route=\/wp\/v2\/users\/2"}],"replies":[{"embeddable":true,"href":"https:\/\/eskigazeteci.com\/index.php?rest_route=%2Fwp%2Fv2%2Fcomments&post=266"}],"version-history":[{"count":0,"href":"https:\/\/eskigazeteci.com\/index.php?rest_route=\/wp\/v2\/posts\/266\/revisions"}],"wp:featuredmedia":[{"embeddable":true,"href":"https:\/\/eskigazeteci.com\/index.php?rest_route=\/wp\/v2\/media\/265"}],"wp:attachment":[{"href":"https:\/\/eskigazeteci.com\/index.php?rest_route=%2Fwp%2Fv2%2Fmedia&parent=266"}],"wp:term":[{"taxonomy":"category","embeddable":true,"href":"https:\/\/eskigazeteci.com\/index.php?rest_route=%2Fwp%2Fv2%2Fcategories&post=266"},{"taxonomy":"post_tag","embeddable":true,"href":"https:\/\/eskigazeteci.com\/index.php?rest_route=%2Fwp%2Fv2%2Ftags&post=266"}],"curies":[{"name":"wp","href":"https:\/\/api.w.org\/{rel}","templated":true}]}}