{"id":2657,"date":"2026-02-20T21:51:02","date_gmt":"2026-02-20T21:51:02","guid":{"rendered":"https:\/\/eskigazeteci.com\/?p=2657"},"modified":"2026-02-20T21:51:02","modified_gmt":"2026-02-20T21:51:02","slug":"makyaj-yapmak-orucu-bozar-mi-orucluyken-makyaj-yapmak-orucu-bozar-mi-makyaj-yapilir-mi-iste-diyanet-yaniti","status":"publish","type":"post","link":"https:\/\/eskigazeteci.com\/?p=2657","title":{"rendered":"Makyaj yapmak orucu bozar m\u0131? Oru\u00e7luyken makyaj yapmak orucu bozar m\u0131, makyaj yap\u0131l\u0131r m\u0131? \u0130\u015fte Diyanet yan\u0131t\u0131&#8230;"},"content":{"rendered":"<p>\u0130ftar ve Sahur vakitlerini H\u00fcrriyet uygulamas\u0131 ile takip edin!<\/p>\n<p>H\u00fcrriyet App<\/p>\n<p>Web<\/p>\n<p>Orucu bozan ve bozmayan haller Diyanet \u0130\u015fleri Ba\u015fkanl\u0131\u011f\u0131 taraf\u0131ndan payla\u015f\u0131ld\u0131. Ramazan ay\u0131nda oru\u00e7 ibadetlerini yerine getirenler, niyetlendikleri orucu eda ederken, makyaj yapman\u0131n orucu bozup bozmad\u0131\u011f\u0131 merak ediyorlar. Diyanet konuyla ilgili s\u0131k\u00e7a sorulan sorular\u0131 yan\u0131tlad\u0131. Peki, Ramazan&#x27;da oru\u00e7luyken makyaj yap\u0131l\u0131r m\u0131? Makyaj yap\u0131nca oru\u00e7 bozulur mu? \u0130\u015fte, o konu hakk\u0131nda ayr\u0131nt\u0131lar.<\/p>\n<p>Ramazan ay\u0131nda en \u00e7ok merak edilen konulardan biri de makyaj yapman\u0131n orucu bozup bozmad\u0131\u011f\u0131d\u0131r. Konu ile ilgili Diyanet \u0130\u015fleri Ba\u015fkanl\u0131\u011f\u0131&#x27;n\u0131n a\u00e7\u0131klamas\u0131 \u015fu \u015fekilde; Oru\u00e7, bir \u015fey yemek, i\u00e7mek ve cinsel ili\u015fkide bulunmaktan dolay\u0131 bozulur. Makyaj yapmak, sa\u00e7 boyamak ve sa\u00e7 bak\u0131m\u0131 bu kapsamda olmad\u0131\u011f\u0131ndan orucu bozmaz.<\/p>\n<p>Ramazan ay\u0131nda en \u00e7ok merak edilen konulardan biri de makyaj yapman\u0131n orucu bozup bozmad\u0131\u011f\u0131d\u0131r. Konu ile ilgili Diyanet \u0130\u015fleri Ba\u015fkanl\u0131\u011f\u0131&#x27;n\u0131n a\u00e7\u0131klamas\u0131 \u015fu \u015fekilde; Oru\u00e7, bir \u015fey yemek, i\u00e7mek ve cinsel ili\u015fkide bulunmaktan dolay\u0131 bozulur. Makyaj yapmak, sa\u00e7 boyamak ve sa\u00e7 bak\u0131m\u0131 bu kapsamda olmad\u0131\u011f\u0131ndan orucu bozmaz.<\/p>\n<p>Oru\u00e7, bir \u015fey yemek, i\u00e7mek ve cinsel ili\u015fkide bulunmaktan dolay\u0131 bozulur. Makyaj&#8230;<\/p>\n","protected":false},"excerpt":{"rendered":"<p>Oru\u00e7luyken makyaj yap\u0131l\u0131r m\u0131? Ramazan-\u0131 \u015eerif&#8217;te oru\u00e7 ibadetlerini yerine getirecek olan M\u00fcsl\u00fcmanlar\u0131n g\u00fcndeminde yer al\u0131yor. Oru\u00e7 ibadetini hakk\u0131yla yerine&#8230;<\/p>\n","protected":false},"author":2,"featured_media":2656,"comment_status":"open","ping_status":"open","sticky":false,"template":"","format":"standard","meta":{"footnotes":""},"categories":[8,6,5],"tags":[],"class_list":["post-2657","post","type-post","status-publish","format-standard","has-post-thumbnail","hentry","category-arsiv","category-gundem","category-son-dakika"],"_links":{"self":[{"href":"https:\/\/eskigazeteci.com\/index.php?rest_route=\/wp\/v2\/posts\/2657","targetHints":{"allow":["GET"]}}],"collection":[{"href":"https:\/\/eskigazeteci.com\/index.php?rest_route=\/wp\/v2\/posts"}],"about":[{"href":"https:\/\/eskigazeteci.com\/index.php?rest_route=\/wp\/v2\/types\/post"}],"author":[{"embeddable":true,"href":"https:\/\/eskigazeteci.com\/index.php?rest_route=\/wp\/v2\/users\/2"}],"replies":[{"embeddable":true,"href":"https:\/\/eskigazeteci.com\/index.php?rest_route=%2Fwp%2Fv2%2Fcomments&post=2657"}],"version-history":[{"count":0,"href":"https:\/\/eskigazeteci.com\/index.php?rest_route=\/wp\/v2\/posts\/2657\/revisions"}],"wp:featuredmedia":[{"embeddable":true,"href":"https:\/\/eskigazeteci.com\/index.php?rest_route=\/wp\/v2\/media\/2656"}],"wp:attachment":[{"href":"https:\/\/eskigazeteci.com\/index.php?rest_route=%2Fwp%2Fv2%2Fmedia&parent=2657"}],"wp:term":[{"taxonomy":"category","embeddable":true,"href":"https:\/\/eskigazeteci.com\/index.php?rest_route=%2Fwp%2Fv2%2Fcategories&post=2657"},{"taxonomy":"post_tag","embeddable":true,"href":"https:\/\/eskigazeteci.com\/index.php?rest_route=%2Fwp%2Fv2%2Ftags&post=2657"}],"curies":[{"name":"wp","href":"https:\/\/api.w.org\/{rel}","templated":true}]}}