{"id":2651,"date":"2026-02-20T21:21:03","date_gmt":"2026-02-20T21:21:03","guid":{"rendered":"https:\/\/eskigazeteci.com\/?p=2651"},"modified":"2026-02-20T21:21:03","modified_gmt":"2026-02-20T21:21:03","slug":"ramazan-bayrami-ne-zaman-2026","status":"publish","type":"post","link":"https:\/\/eskigazeteci.com\/?p=2651","title":{"rendered":"RAMAZAN BAYRAMI NE ZAMAN 2026?"},"content":{"rendered":"<p>Arefe g\u00fcn\u00fc, Ramazan Bayram\u0131 2026 tarihi ve g\u00fcnleri, Ramazan-\u0131 \u015eerif devam ederken kamu \u00e7al\u0131\u015fanlar\u0131, \u00f6\u011frenciler ve veliler ba\u015fta olmak \u00fczere milyonlarca vatanda\u015f\u0131n g\u00fcndemine geldi. Diyanet 2026 dini g\u00fcnler takvimine g\u00f6re 11 ay\u0131n sultan\u0131 Ramazan-\u0131 \u015eerif 19 \u015eubat&#x27;ta \u0130slam aleminde idrak edilmeye ba\u015fland\u0131. Feyiz ve bereketlerle, af ve ma\u011ffiretlerle dolu olan sosyal yard\u0131mla\u015fma ve dayan\u0131\u015fman\u0131n toplum hayat\u0131nda yo\u011funluk kazand\u0131\u011f\u0131, ibadet hayat\u0131m\u0131z\u0131n zenginle\u015fti\u011fi Ramazan ay\u0131 sonras\u0131 arefe g\u00fcn\u00fc son oru\u00e7 tutulacak ve ard\u0131ndan Ramazan Bayram\u0131 kutlanacak. \u00d6zellikle ge\u00e7ti\u011fimiz y\u0131llarda Ramazan Bayram\u0131 tatilinin 9 g\u00fcne \u00e7\u0131kar\u0131lmas\u0131 dolay\u0131s\u0131 ile beklentiler artt\u0131. \u00d6te yandan bu seneki 2026 MEB takvimine g\u00f6re okullarda 2. D\u00f6nem ara tatil ile Ramazan Bayram\u0131 birle\u015fecek. 2026 y\u0131l\u0131nda, okullarda ikinci ara tatili 16 Mart Pazartesi ve 20 Mart Cuma tarihleri aras\u0131nda olacak. Peki, bayram tatili ne zaman ba\u015flayacak, ay\u0131n ka\u00e7\u0131nda? \u0130\u015fte, ayr\u0131nt\u0131lar.<\/p>\n<p>Ramazan Bayram\u0131, 2026 y\u0131l\u0131nda Mart ay\u0131na denk geliyor. Arefe g\u00fcn\u00fc 19 Mart Per\u015fembe ger\u00e7ekle\u015fecek. Bayram\u0131n ilk g\u00fcn\u00fc 20 Mart 2026 Cuma g\u00fcn\u00fc olacak. Bayram g\u00fcnleri ise \u015fu \u015fekilde; Bayram G\u00fcn\u00fc Tarih G\u00fcn Ramazan Bayram\u0131 1. G\u00fcn 20 Mart 2026 Cuma Ramazan Bayram\u0131&#8230;<\/p>\n","protected":false},"excerpt":{"rendered":"<p>Bayram tatili ka\u00e7 g\u00fcn olacak? Ramazan Bayram\u0131 2026 ne zaman? sorular\u0131 vatanda\u015flar\u0131n g\u00fcndeminde yer al\u0131yor. M\u00fcsl\u00fcmanlar i\u00e7in b\u00fcy\u00fck \u00f6neme sahip \u00fc\u00e7 aylar\u0131n&#8230;<\/p>\n","protected":false},"author":2,"featured_media":2650,"comment_status":"open","ping_status":"open","sticky":false,"template":"","format":"standard","meta":{"footnotes":""},"categories":[8,6,5],"tags":[],"class_list":["post-2651","post","type-post","status-publish","format-standard","has-post-thumbnail","hentry","category-arsiv","category-gundem","category-son-dakika"],"_links":{"self":[{"href":"https:\/\/eskigazeteci.com\/index.php?rest_route=\/wp\/v2\/posts\/2651","targetHints":{"allow":["GET"]}}],"collection":[{"href":"https:\/\/eskigazeteci.com\/index.php?rest_route=\/wp\/v2\/posts"}],"about":[{"href":"https:\/\/eskigazeteci.com\/index.php?rest_route=\/wp\/v2\/types\/post"}],"author":[{"embeddable":true,"href":"https:\/\/eskigazeteci.com\/index.php?rest_route=\/wp\/v2\/users\/2"}],"replies":[{"embeddable":true,"href":"https:\/\/eskigazeteci.com\/index.php?rest_route=%2Fwp%2Fv2%2Fcomments&post=2651"}],"version-history":[{"count":0,"href":"https:\/\/eskigazeteci.com\/index.php?rest_route=\/wp\/v2\/posts\/2651\/revisions"}],"wp:featuredmedia":[{"embeddable":true,"href":"https:\/\/eskigazeteci.com\/index.php?rest_route=\/wp\/v2\/media\/2650"}],"wp:attachment":[{"href":"https:\/\/eskigazeteci.com\/index.php?rest_route=%2Fwp%2Fv2%2Fmedia&parent=2651"}],"wp:term":[{"taxonomy":"category","embeddable":true,"href":"https:\/\/eskigazeteci.com\/index.php?rest_route=%2Fwp%2Fv2%2Fcategories&post=2651"},{"taxonomy":"post_tag","embeddable":true,"href":"https:\/\/eskigazeteci.com\/index.php?rest_route=%2Fwp%2Fv2%2Ftags&post=2651"}],"curies":[{"name":"wp","href":"https:\/\/api.w.org\/{rel}","templated":true}]}}