{"id":2649,"date":"2026-02-20T21:04:08","date_gmt":"2026-02-20T21:04:08","guid":{"rendered":"https:\/\/eskigazeteci.com\/?p=2649"},"modified":"2026-02-20T21:04:08","modified_gmt":"2026-02-20T21:04:08","slug":"bakan-kacir-depremzede-aileyle-iftar-yapti","status":"publish","type":"post","link":"https:\/\/eskigazeteci.com\/?p=2649","title":{"rendered":"Bakan Kac\u0131r depremzede aileyle iftar yapt\u0131"},"content":{"rendered":"<p>Sanayi ve Teknoloji Bakan\u0131 Mehmet Fatih Kac\u0131r, Malatya\u2019da anahtar teslim ve temel atma t\u00f6reninin ard\u0131ndan depremzede Kantarc\u0131 ailesinin TOK\u0130\u2019deki evlerine iftar misafiri oldu.<\/p>\n<p>Aile fertleriyle tek tek sohbet eden Bakan Kac\u0131r, ziyaret s\u0131ras\u0131nda ailenin Ankara\u2019da \u00f6\u011frenimini s\u00fcrd\u00fcren k\u0131zlar\u0131 Kevser ile g\u00f6r\u00fcnt\u00fcl\u00fc g\u00f6r\u00fc\u015fme ger\u00e7ekle\u015ftirdi.<\/p>\n<p>Depremzede ailenin \u00e7ocuklar\u0131na hediyeler veren Bakan Kac\u0131r , TOK\u0130 evlerinin hay\u0131rl\u0131 olmas\u0131n\u0131 temenni etti.<\/p>\n<p>Kac\u0131r\u2019a ziyaretinde Malatya Valisi Serdar Yavuz da e\u015flik etti.<\/p>\n<p>T\u00fcrkiye g\u00fcndeminden son dakika haberleri, bug\u00fcn ya\u015fanan en son geli\u015fmeler, siyaset g\u00fcndeminden g\u00fcncel haberler ve b\u00fct\u00fcn son dakika haberleri i\u00e7in H\u00fcrriyet&#x27;in internet haber sitesi hurriyet.com.tr; Hurriyet.com.tr haber i\u00e7erikleri kaynak g\u00f6sterilmeden al\u0131nt\u0131 yap\u0131lamaz, Kanuna ayk\u0131r\u0131 ve izinsiz olarak kopyalanamaz, ba\u015fka yerde yay\u0131nlanamaz.<\/p>\n","protected":false},"excerpt":{"rendered":"<p>Sanayi ve Teknoloji Bakan\u0131 Mehmet Fatih Kac\u0131r, depremzede Kantarc\u0131 ailesinin TOK\u0130\u2019deki evlerine iftar misafiri oldu.<\/p>\n","protected":false},"author":2,"featured_media":2648,"comment_status":"open","ping_status":"open","sticky":false,"template":"","format":"standard","meta":{"footnotes":""},"categories":[8,6,5],"tags":[],"class_list":["post-2649","post","type-post","status-publish","format-standard","has-post-thumbnail","hentry","category-arsiv","category-gundem","category-son-dakika"],"_links":{"self":[{"href":"https:\/\/eskigazeteci.com\/index.php?rest_route=\/wp\/v2\/posts\/2649","targetHints":{"allow":["GET"]}}],"collection":[{"href":"https:\/\/eskigazeteci.com\/index.php?rest_route=\/wp\/v2\/posts"}],"about":[{"href":"https:\/\/eskigazeteci.com\/index.php?rest_route=\/wp\/v2\/types\/post"}],"author":[{"embeddable":true,"href":"https:\/\/eskigazeteci.com\/index.php?rest_route=\/wp\/v2\/users\/2"}],"replies":[{"embeddable":true,"href":"https:\/\/eskigazeteci.com\/index.php?rest_route=%2Fwp%2Fv2%2Fcomments&post=2649"}],"version-history":[{"count":0,"href":"https:\/\/eskigazeteci.com\/index.php?rest_route=\/wp\/v2\/posts\/2649\/revisions"}],"wp:featuredmedia":[{"embeddable":true,"href":"https:\/\/eskigazeteci.com\/index.php?rest_route=\/wp\/v2\/media\/2648"}],"wp:attachment":[{"href":"https:\/\/eskigazeteci.com\/index.php?rest_route=%2Fwp%2Fv2%2Fmedia&parent=2649"}],"wp:term":[{"taxonomy":"category","embeddable":true,"href":"https:\/\/eskigazeteci.com\/index.php?rest_route=%2Fwp%2Fv2%2Fcategories&post=2649"},{"taxonomy":"post_tag","embeddable":true,"href":"https:\/\/eskigazeteci.com\/index.php?rest_route=%2Fwp%2Fv2%2Ftags&post=2649"}],"curies":[{"name":"wp","href":"https:\/\/api.w.org\/{rel}","templated":true}]}}