{"id":2643,"date":"2026-02-20T20:52:36","date_gmt":"2026-02-20T20:52:36","guid":{"rendered":"https:\/\/eskigazeteci.com\/?p=2643"},"modified":"2026-02-20T20:52:36","modified_gmt":"2026-02-20T20:52:36","slug":"ingilterede-eski-prens-andrewun-taht-sirasindan-cikarilabilecegi-iddiasi","status":"publish","type":"post","link":"https:\/\/eskigazeteci.com\/?p=2643","title":{"rendered":"\u0130ngiltere\u2019de eski Prens Andrew\u2019un taht s\u0131ras\u0131ndan \u00e7\u0131kar\u0131labilece\u011fi iddias\u0131"},"content":{"rendered":"<p>\u0130ngiltere h\u00fck\u00fcmetinden bir yetkili, cinsel istismar \u015febekesi kurmakla su\u00e7lanan ABD\u2019li milyarder Jeffrey Epstein ile ili\u015fkileri nedeniyle kamuoyunda tart\u0131\u015fmalara yol a\u00e7an Kral III. Charles\u2019\u0131n karde\u015fi Andrew Mountbatten-Windsor&#x27;a ili\u015fkin dikkat \u00e7ekici bir a\u00e7\u0131klama yapt\u0131. Ad\u0131 a\u00e7\u0131klanmayan yetkili, Andrew hakk\u0131ndaki polis soru\u015fturmas\u0131n\u0131n tamamlanmas\u0131n\u0131n ard\u0131ndan h\u00fck\u00fcmetin, Mountbatten-Windsor\u2019un \u0130ngiliz taht\u0131n\u0131n veraset s\u0131ras\u0131ndan \u00e7\u0131kar\u0131lmas\u0131na y\u00f6nelik yeni bir yasal d\u00fczenlemenin de\u011ferlendirilebilece\u011fini bildirdi. Yetkili, taht\u0131n veraset s\u0131ras\u0131na ili\u015fkin herhangi bir de\u011fi\u015fikli\u011fin, Kral Charles\u2019\u0131n yetkisinin ge\u00e7erli oldu\u011fu di\u011fer \u00fclkelerle isti\u015fare ve mutabakat gerektirdi\u011fini de vurgulad\u0131.<\/p>\n<p>ANDREW G\u00d6ZALTINA ALINMI\u015eTI<\/p>\n<p>Epstein ile ili\u015fkileri y\u00fcz\u00fcnden kraliyet unvanlar\u0131 elinden al\u0131nan Andrew, d\u00fcn kamu g\u00f6revini k\u00f6t\u00fcye kullanma su\u00e7lamalar\u0131 do\u011frultusunda g\u00f6zalt\u0131na al\u0131nm\u0131\u015f, sonras\u0131nda serbest b\u0131rak\u0131lm\u0131\u015ft\u0131. \u0130ngiltere Kral\u0131 III. Charles, Andrew&#x27;un g\u00f6zalt\u0131na al\u0131nmas\u0131n\u0131n ard\u0131ndan yapt\u0131\u011f\u0131 yaz\u0131l\u0131 a\u00e7\u0131klamada, &quot;Andrew Mountbatten-Windsor hakk\u0131ndaki ve kamu g\u00f6revinde usuls\u00fczl\u00fck \u015f\u00fcphesiyle ilgili haberleri b\u00fcy\u00fck bir endi\u015feyle \u00f6\u011frendim. \u015eimdi bu meselenin uygun \u015fekilde ve yetkili merciler taraf\u0131ndan&#8230;<\/p>\n","protected":false},"excerpt":{"rendered":"<p>\u0130ngiltere h\u00fck\u00fcmetinden bir yetkili, ABD\u2019li milyarder Jeffrey Epstein\u2019le ba\u011flant\u0131s\u0131 nedeniyle hakk\u0131nda soru\u015fturma y\u00fcr\u00fct\u00fclen eski Prens Andrew&#8230;<\/p>\n","protected":false},"author":2,"featured_media":2642,"comment_status":"open","ping_status":"open","sticky":false,"template":"","format":"standard","meta":{"footnotes":""},"categories":[8,6,5],"tags":[],"class_list":["post-2643","post","type-post","status-publish","format-standard","has-post-thumbnail","hentry","category-arsiv","category-gundem","category-son-dakika"],"_links":{"self":[{"href":"https:\/\/eskigazeteci.com\/index.php?rest_route=\/wp\/v2\/posts\/2643","targetHints":{"allow":["GET"]}}],"collection":[{"href":"https:\/\/eskigazeteci.com\/index.php?rest_route=\/wp\/v2\/posts"}],"about":[{"href":"https:\/\/eskigazeteci.com\/index.php?rest_route=\/wp\/v2\/types\/post"}],"author":[{"embeddable":true,"href":"https:\/\/eskigazeteci.com\/index.php?rest_route=\/wp\/v2\/users\/2"}],"replies":[{"embeddable":true,"href":"https:\/\/eskigazeteci.com\/index.php?rest_route=%2Fwp%2Fv2%2Fcomments&post=2643"}],"version-history":[{"count":0,"href":"https:\/\/eskigazeteci.com\/index.php?rest_route=\/wp\/v2\/posts\/2643\/revisions"}],"wp:featuredmedia":[{"embeddable":true,"href":"https:\/\/eskigazeteci.com\/index.php?rest_route=\/wp\/v2\/media\/2642"}],"wp:attachment":[{"href":"https:\/\/eskigazeteci.com\/index.php?rest_route=%2Fwp%2Fv2%2Fmedia&parent=2643"}],"wp:term":[{"taxonomy":"category","embeddable":true,"href":"https:\/\/eskigazeteci.com\/index.php?rest_route=%2Fwp%2Fv2%2Fcategories&post=2643"},{"taxonomy":"post_tag","embeddable":true,"href":"https:\/\/eskigazeteci.com\/index.php?rest_route=%2Fwp%2Fv2%2Ftags&post=2643"}],"curies":[{"name":"wp","href":"https:\/\/api.w.org\/{rel}","templated":true}]}}