{"id":2641,"date":"2026-02-20T20:51:03","date_gmt":"2026-02-20T20:51:03","guid":{"rendered":"https:\/\/eskigazeteci.com\/?p=2641"},"modified":"2026-02-20T20:51:03","modified_gmt":"2026-02-20T20:51:03","slug":"manisa-sahur-ve-iftar-saati-ramazan-imsakiyesi-2026","status":"publish","type":"post","link":"https:\/\/eskigazeteci.com\/?p=2641","title":{"rendered":"MAN\u0130SA SAHUR VE \u0130FTAR SAAT\u0130 RAMAZAN \u0130MSAK\u0130YES\u0130 2026"},"content":{"rendered":"<p>\u0130ftar ve Sahur vakitlerini H\u00fcrriyet uygulamas\u0131 ile takip edin!<\/p>\n<p>H\u00fcrriyet App<\/p>\n<p>Web<\/p>\n<p>Manisa \u0130msakiyesi 2026 ile Manisa sahur saati ka\u00e7ta, iftara ne kadar kald\u0131? sorular\u0131 takip ediliyor. Rahmet, bereket ve ma\u011ffiret mevsimi Ramazan ay\u0131 bu sene Diyanet \u0130\u015fleri Ba\u015fkanl\u0131\u011f\u0131&#x27;n\u0131n takvimine g\u00f6re 19 \u015eubat&#x27;ta ba\u015flad\u0131. \u0130slam aleminde heyecanla beklenen ramazan\u0131n gelmesiyle beraber, Manisa ve t\u00fcm illerde sahur ve iftar saati Ramazan imsakiyesi ekran\u0131na g\u00f6zler \u00e7evrildi. Sahuru, orucu, iftar\u0131, teravihi ve mukabelesiyle say\u0131s\u0131z g\u00fczellik katan Ramazan ay\u0131, bu sene de ibadetler ile ge\u00e7ecek. Diyanet \u0130\u015fleri Ba\u015fkanl\u0131\u011f\u0131&#x27;n\u0131n ramazana y\u00f6nelik bilgilendirmelerinin yer ald\u0131\u011f\u0131 internet sayfas\u0131nda yer alan &#x27;2026 Ramazan \u0130msakiyesi&#x27; b\u00f6l\u00fcm\u00fcnden, Manisa sahur vakti ve iftar saati g\u00f6r\u00fcnt\u00fclenebilecek. \u0130msak vakti sonras\u0131 niyet edecek olan vatanda\u015flar, t\u00fcm g\u00fcn\u00fc oru\u00e7lu ge\u00e7irdikten sonra Manisa iftar saati ka\u00e7ta, ne kadar kald\u0131 sorusuna yan\u0131t arayacaklar. On bir ay\u0131n sultan\u0131 ramazan\u0131n ilk teravih namaz\u0131 ise 18 \u015eubat \u00c7ar\u015famba ak\u015fam\u0131 k\u0131l\u0131nd\u0131. Peki, Manisa&#x27;da sahur ka\u00e7ta, iftar ne zaman? Manisa sahur vakti ezan ne zaman okunacak, iftar saati ka\u00e7ta? \u0130\u015fte, 2026 Diyanet Manisa \u0130msakiyesi ile iftar vakti, sahur saati ve imsak&#8230;<\/p>\n","protected":false},"excerpt":{"rendered":"<p>Manisa sahur vakti ve iftar saati 2026 imsakiyesi ile Diyanet taraf\u0131ndan yay\u0131nland\u0131. M\u00fcbarek Ramazan ay\u0131 devam ederken Manisa sahur saat ka\u00e7ta, Manisa&#8217;da&#8230;<\/p>\n","protected":false},"author":2,"featured_media":2640,"comment_status":"open","ping_status":"open","sticky":false,"template":"","format":"standard","meta":{"footnotes":""},"categories":[8,6,5],"tags":[],"class_list":["post-2641","post","type-post","status-publish","format-standard","has-post-thumbnail","hentry","category-arsiv","category-gundem","category-son-dakika"],"_links":{"self":[{"href":"https:\/\/eskigazeteci.com\/index.php?rest_route=\/wp\/v2\/posts\/2641","targetHints":{"allow":["GET"]}}],"collection":[{"href":"https:\/\/eskigazeteci.com\/index.php?rest_route=\/wp\/v2\/posts"}],"about":[{"href":"https:\/\/eskigazeteci.com\/index.php?rest_route=\/wp\/v2\/types\/post"}],"author":[{"embeddable":true,"href":"https:\/\/eskigazeteci.com\/index.php?rest_route=\/wp\/v2\/users\/2"}],"replies":[{"embeddable":true,"href":"https:\/\/eskigazeteci.com\/index.php?rest_route=%2Fwp%2Fv2%2Fcomments&post=2641"}],"version-history":[{"count":0,"href":"https:\/\/eskigazeteci.com\/index.php?rest_route=\/wp\/v2\/posts\/2641\/revisions"}],"wp:featuredmedia":[{"embeddable":true,"href":"https:\/\/eskigazeteci.com\/index.php?rest_route=\/wp\/v2\/media\/2640"}],"wp:attachment":[{"href":"https:\/\/eskigazeteci.com\/index.php?rest_route=%2Fwp%2Fv2%2Fmedia&parent=2641"}],"wp:term":[{"taxonomy":"category","embeddable":true,"href":"https:\/\/eskigazeteci.com\/index.php?rest_route=%2Fwp%2Fv2%2Fcategories&post=2641"},{"taxonomy":"post_tag","embeddable":true,"href":"https:\/\/eskigazeteci.com\/index.php?rest_route=%2Fwp%2Fv2%2Ftags&post=2641"}],"curies":[{"name":"wp","href":"https:\/\/api.w.org\/{rel}","templated":true}]}}