{"id":264,"date":"2026-02-09T10:03:36","date_gmt":"2026-02-09T10:03:36","guid":{"rendered":"https:\/\/eskigazeteci.com\/?p=264"},"modified":"2026-02-09T10:03:36","modified_gmt":"2026-02-09T10:03:36","slug":"haber-107","status":"publish","type":"post","link":"https:\/\/eskigazeteci.com\/?p=264","title":{"rendered":"Haber"},"content":{"rendered":"<p>Belediye \u00f6n\u00fcnde toplanan i\u015f\u00e7iler, &quot;A\u00e7l\u0131ktan \u00f6lmeyiz, biz bu yoldan d\u00f6nmeyiz&quot;, &quot;Bize ekmek yoksa size huzur yok&quot; sloganlar\u0131 att\u0131.<\/p>\n<p>Genel-\u0130\u015f Sendikas\u0131 \u0130zmir 6 No&#x27;lu \u015eube Ba\u015fkan\u0131 De\u011fer Y\u0131ld\u0131z, gazetecilere belediye y\u00f6netiminin daha \u00f6nce sendikadan zaman istedi\u011fini, yeterli zaman\u0131 verdiklerini s\u00f6yledi.<\/p>\n<p>&quot;\u0130\u015e\u00c7\u0130LER, EV\u0130NE EKMEK G\u00d6T\u00dcREM\u0130YOR&quot;<\/p>\n<p>Verilen s\u00f6zlerin yerine getirilmedi\u011fini ifade eden Y\u0131ld\u0131z, bug\u00fcnden itibaren i\u015f b\u0131rakma eylemi ba\u015flatt\u0131klar\u0131n\u0131 dile getirdi.<\/p>\n<p>Y\u0131ld\u0131z, i\u015f\u00e7ilerin i\u015flere gelirken, eve giderken yol paras\u0131 bulamad\u0131klar\u0131n\u0131 belirterek, &quot; \u0130\u015f\u00e7iler , evine ekmek g\u00f6t\u00fcremiyor. Hepsinin d\u00fcnya kadar borcu var, hepsi hacizlik. Alacaklar\u0131n\u0131n \u00f6denmedi\u011fi yerde i\u015f\u00e7inin \u00e7al\u0131\u015fmas\u0131n\u0131 beklemek ancak ak\u0131l tutulmas\u0131 olur. Biz, Buca halk\u0131na verdi\u011fimiz hizmeti aksatt\u0131\u011f\u0131m\u0131z i\u00e7in zaten \u015fu anda s\u0131k\u0131nt\u0131 ya\u015f\u0131yoruz, \u00fcz\u00fcl\u00fcyoruz. Bizim tek derdimiz, i\u015f\u00e7inin alacaklar\u0131 zaman\u0131nda \u00f6densin.&quot; diye konu\u015ftu.<\/p>\n<p>ALACAKLAR 60 70 B\u0130N TL C\u0130VARINDA<\/p>\n<p>\u0130\u015f\u00e7ilerin ki\u015fi ba\u015f\u0131 alacaklar\u0131 \u00fccretin 60-70 bin lira civar\u0131nda oldu\u011funu anlatan Y\u0131ld\u0131z, s\u00f6zlerini \u015f\u00f6yle tamamlad\u0131:<\/p>\n<p>&quot;Bu \u00fccret, birileri i\u00e7in az g\u00f6r\u00fcnebilir ama buradaki i\u015f\u00e7i i\u00e7in ya\u015fam sebebi. \u00c7o\u011fu ev kiras\u0131n\u0131 \u00f6deyemiyor. Bug\u00fcn &#x27; Buca Belediyesi &#x27;nde \u00e7al\u0131\u015f\u0131yorum.&#x27; dedi\u011finiz i\u00e7in Buca halk\u0131 ya da Buca&#x27;daki ev sahipleri, size art\u0131k ev vermiyor. Marketler, art\u0131k size bor\u00e7la, veresiye herhangi bir e\u015fya vermiyor, bu haldeyiz. Meclisi acil toplas\u0131nlar, bir araya gelsinler. Kredi ile ilgili gereken g\u00f6r\u00fc\u015fmeleri yaps\u0131nlar.&quot;<\/p>\n<p>T\u00fcrkiye g\u00fcndeminden son dakika haberleri, bug\u00fcn ya\u015fanan en son geli\u015fmeler, siyaset g\u00fcndeminden g\u00fcncel haberler ve b\u00fct\u00fcn son dakika haberleri i\u00e7in H\u00fcrriyet&#x27;in internet haber sitesi hurriyet.com.tr; Hurriyet.com.tr haber i\u00e7erikleri kaynak g\u00f6sterilmeden al\u0131nt\u0131 yap\u0131lamaz, Kanuna ayk\u0131r\u0131 ve izinsiz olarak kopyalanamaz, ba\u015fka yerde yay\u0131nlanamaz.<\/p>\n","protected":false},"excerpt":{"rendered":"<p>Buca Belediyesinde \u00e7al\u0131\u015fan 1886 i\u015f\u00e7i, fazla mesai \u00fccreti ve yan haklar gibi alacaklar\u0131 \u00f6denmedi\u011fi gerek\u00e7esiyle i\u015f b\u0131rakma eylemine ba\u015flad\u0131.<\/p>\n","protected":false},"author":2,"featured_media":263,"comment_status":"open","ping_status":"open","sticky":false,"template":"","format":"standard","meta":{"footnotes":""},"categories":[8,3],"tags":[],"class_list":["post-264","post","type-post","status-publish","format-standard","has-post-thumbnail","hentry","category-arsiv","category-siyaset"],"_links":{"self":[{"href":"https:\/\/eskigazeteci.com\/index.php?rest_route=\/wp\/v2\/posts\/264","targetHints":{"allow":["GET"]}}],"collection":[{"href":"https:\/\/eskigazeteci.com\/index.php?rest_route=\/wp\/v2\/posts"}],"about":[{"href":"https:\/\/eskigazeteci.com\/index.php?rest_route=\/wp\/v2\/types\/post"}],"author":[{"embeddable":true,"href":"https:\/\/eskigazeteci.com\/index.php?rest_route=\/wp\/v2\/users\/2"}],"replies":[{"embeddable":true,"href":"https:\/\/eskigazeteci.com\/index.php?rest_route=%2Fwp%2Fv2%2Fcomments&post=264"}],"version-history":[{"count":0,"href":"https:\/\/eskigazeteci.com\/index.php?rest_route=\/wp\/v2\/posts\/264\/revisions"}],"wp:featuredmedia":[{"embeddable":true,"href":"https:\/\/eskigazeteci.com\/index.php?rest_route=\/wp\/v2\/media\/263"}],"wp:attachment":[{"href":"https:\/\/eskigazeteci.com\/index.php?rest_route=%2Fwp%2Fv2%2Fmedia&parent=264"}],"wp:term":[{"taxonomy":"category","embeddable":true,"href":"https:\/\/eskigazeteci.com\/index.php?rest_route=%2Fwp%2Fv2%2Fcategories&post=264"},{"taxonomy":"post_tag","embeddable":true,"href":"https:\/\/eskigazeteci.com\/index.php?rest_route=%2Fwp%2Fv2%2Ftags&post=264"}],"curies":[{"name":"wp","href":"https:\/\/api.w.org\/{rel}","templated":true}]}}